{"id":16698,"date":"2025-10-16T21:44:11","date_gmt":"2025-10-16T21:44:11","guid":{"rendered":"https:\/\/nationalgunowner.org\/index.php\/2025\/10\/16\/delfina-foundation-london-aaron-cezar-on-process-first-residencies\/"},"modified":"2025-10-16T21:44:24","modified_gmt":"2025-10-16T21:44:24","slug":"delfina-foundation-london-aaron-cezar-on-process-first-residencies","status":"publish","type":"post","link":"https:\/\/nationalgunowner.org\/index.php\/2025\/10\/16\/delfina-foundation-london-aaron-cezar-on-process-first-residencies\/","title":{"rendered":"Delfina Foundation London: Aaron Cezar On Process-First Residencies"},"content":{"rendered":"<div itemprop=\"articleBody\">\n<figure id=\"attachment_1589278\" aria-describedby=\"caption-attachment-1589278\" style=\"width: 970px\" class=\"wp-caption aligncenter\"><figcaption id=\"caption-attachment-1589278\" class=\"wp-caption-text\">Delfina Foundation is an independent, non-profit foundation dedicated to facilitating artistic exchange and developing creative practice through residencies, partnerships and public programming. <span class=\"media-credit\">Photo credit \u00a9 Anne Tetzlaff<\/span><\/figcaption><\/figure>\n<p>For more than 20 years, Delfina Foundation has been a cornerstone of London\u2019s art ecosystem, serving not only as a research platform for both artistic and curatorial practices but also as a catalyst for a network of collaborations that have shaped the city\u2019s creative and cultural landscape\u2014and extended well beyond it.<\/p>\n<section class=\"wp-block-observer-newsletters observer-newsletters--in-content\">\n<\/section>\n<p>What sets Delfina\u2019s residency program apart from others around the world is its emphasis on a process-based experience that prioritizes research over production. Artists and curators selected for the program don\u2019t have to produce or donate work. \u201cOur residencies don\u2019t demand any kind of formal outcome from the artists or curators who take part,\u201d <a href=\"https:\/\/observer.com\/person\/aaron-cezar\/\" title=\"Aaron Cezar\" class=\"company-link\">Aaron Cezar<\/a>, Delfina Foundation\u2019s founding director, tells Observer when we meet ahead of Frieze.<\/p>\n<p>Cezar\u2014who develops, curates and oversees Delfina\u2019s interconnected programs, including residencies, exhibitions and public platforms\u2014had just that morning led an orientation session for the new cohort of residents. The group included artists and curators from India, Colombia, China, Bolivia and Syria, as well as an artist traveling abroad for the first time from Portugal and another from Korea. \u201cWhenever we do these orientations, I make it very clear that they could come to London and, quite literally, do nothing,\u201d he explains. \u201cBecause for an artist, doing nothing is always doing something. It\u2019s about clearing space, allowing new ideas to enter, and creating the conditions for new directions to emerge.\u201d<\/p>\n<figure id=\"attachment_1589271\" aria-describedby=\"caption-attachment-1589271\" style=\"width: 970px\" class=\"wp-caption aligncenter\"><img loading=\"lazy\" decoding=\"async\" class=\"lazyload size-full-width wp-image-1589271\" src=\"https:\/\/observer.com\/wp-content\/uploads\/sites\/2\/2025\/10\/2025_05_Delfina-Foundation-27.jpg?quality=80&amp;w=970\" alt=\"Portrait of Aaron Cezar wearing a dark zip-up jacket, standing against a light gray background.\" width=\"970\" height=\"1455\" srcset=\"https:\/\/observer.com\/wp-content\/uploads\/sites\/2\/2025\/10\/2025_05_Delfina-Foundation-27.jpg 2000w, https:\/\/observer.com\/wp-content\/uploads\/sites\/2\/2025\/10\/2025_05_Delfina-Foundation-27.jpg?resize=200,300 200w, https:\/\/observer.com\/wp-content\/uploads\/sites\/2\/2025\/10\/2025_05_Delfina-Foundation-27.jpg?resize=768,1152 768w, https:\/\/observer.com\/wp-content\/uploads\/sites\/2\/2025\/10\/2025_05_Delfina-Foundation-27.jpg?resize=400,600 400w, https:\/\/observer.com\/wp-content\/uploads\/sites\/2\/2025\/10\/2025_05_Delfina-Foundation-27.jpg?resize=1024,1536 1024w, https:\/\/observer.com\/wp-content\/uploads\/sites\/2\/2025\/10\/2025_05_Delfina-Foundation-27.jpg?resize=1365,2048 1365w, https:\/\/observer.com\/wp-content\/uploads\/sites\/2\/2025\/10\/2025_05_Delfina-Foundation-27.jpg?resize=970,1455 970w, https:\/\/observer.com\/wp-content\/uploads\/sites\/2\/2025\/10\/2025_05_Delfina-Foundation-27.jpg?resize=320,480 320w, https:\/\/observer.com\/wp-content\/uploads\/sites\/2\/2025\/10\/2025_05_Delfina-Foundation-27.jpg?resize=1920,2880 1920w, https:\/\/observer.com\/wp-content\/uploads\/sites\/2\/2025\/10\/2025_05_Delfina-Foundation-27.jpg?resize=33,50 33w\" sizes=\"auto, (max-width: 600px) 300px, 620px\"\/><img loading=\"lazy\" decoding=\"async\" class=\"lazyload size-full-width wp-image-1589271\" src=\"https:\/\/observer.com\/wp-content\/uploads\/sites\/2\/2025\/10\/2025_05_Delfina-Foundation-27.jpg?quality=80&amp;w=970\" alt=\"Portrait of Aaron Cezar wearing a dark zip-up jacket, standing against a light gray background.\" width=\"970\" height=\"1455\" srcset=\"https:\/\/observer.com\/wp-content\/uploads\/sites\/2\/2025\/10\/2025_05_Delfina-Foundation-27.jpg 2000w, https:\/\/observer.com\/wp-content\/uploads\/sites\/2\/2025\/10\/2025_05_Delfina-Foundation-27.jpg?resize=200,300 200w, https:\/\/observer.com\/wp-content\/uploads\/sites\/2\/2025\/10\/2025_05_Delfina-Foundation-27.jpg?resize=768,1152 768w, https:\/\/observer.com\/wp-content\/uploads\/sites\/2\/2025\/10\/2025_05_Delfina-Foundation-27.jpg?resize=400,600 400w, https:\/\/observer.com\/wp-content\/uploads\/sites\/2\/2025\/10\/2025_05_Delfina-Foundation-27.jpg?resize=1024,1536 1024w, https:\/\/observer.com\/wp-content\/uploads\/sites\/2\/2025\/10\/2025_05_Delfina-Foundation-27.jpg?resize=1365,2048 1365w, https:\/\/observer.com\/wp-content\/uploads\/sites\/2\/2025\/10\/2025_05_Delfina-Foundation-27.jpg?resize=970,1455 970w, https:\/\/observer.com\/wp-content\/uploads\/sites\/2\/2025\/10\/2025_05_Delfina-Foundation-27.jpg?resize=320,480 320w, https:\/\/observer.com\/wp-content\/uploads\/sites\/2\/2025\/10\/2025_05_Delfina-Foundation-27.jpg?resize=1920,2880 1920w, https:\/\/observer.com\/wp-content\/uploads\/sites\/2\/2025\/10\/2025_05_Delfina-Foundation-27.jpg?resize=33,50 33w\" sizes=\"auto, (max-width: 600px) 300px, 620px\"\/><figcaption id=\"caption-attachment-1589271\" class=\"wp-caption-text\">Aron Cezar, Delfina Foundation\u2019s founding director. <span class=\"media-credit\">ALI MOHAMED<\/span><\/figcaption><\/figure>\n<p>As Cezar notes, artists are often caught in relentless cycles of production. Those working with galleries may be constantly preparing work for fairs or exhibitions, while others with less market-driven practices might be teaching or collaborating with community groups. In either case, the demands are unending and the activity nonstop. The residency, by contrast, is designed to offer a way out of that cycle.<\/p>\n<p>Today, Delfina Foundation runs an average of 40 residencies annually\u2014including those for artists, curators and, most recently, collectors\u2014making it the largest international residency program in the U.K. Following the 2014 expansion of its premises in Victoria, London, which tripled its capacity, Delfina can now host six to eight residents at a time, offering flexible living and working space in the heart of the city for up to 12 weeks.<\/p>\n<p>When artists are selected and begin planning their residency, the foundation asks about their goals for their time in London. For some, that means diving into the city\u2019s archives, collections and cultural ecosystem\u2014from grassroots and non-commercial spaces to major institutions. Others, Cezar explains, arrive having been caught on the \u201chamster wheel\u201d of nonstop production and simply want a break, allowing ideas to come to them more slowly and organically.<\/p>\n<figure id=\"attachment_1589279\" aria-describedby=\"caption-attachment-1589279\" style=\"width: 970px\" class=\"wp-caption aligncenter\"><img loading=\"lazy\" decoding=\"async\" class=\"lazyload size-full-width wp-image-1589279\" src=\"https:\/\/observer.com\/wp-content\/uploads\/sites\/2\/2025\/10\/Photo-credit-\u00a9-Anne-Tetzlaff_DSC2475.jpg?quality=80&amp;w=970\" alt=\"Audience seated on the floor listens as a performer reads aloud in a dim gallery with text projected on the wall at Delfina Foundation.\" width=\"970\" height=\"647\" srcset=\"https:\/\/observer.com\/wp-content\/uploads\/sites\/2\/2025\/10\/Photo-credit-\u00a9-Anne-Tetzlaff_DSC2475.jpg 6000w, https:\/\/observer.com\/wp-content\/uploads\/sites\/2\/2025\/10\/Photo-credit-\u00a9-Anne-Tetzlaff_DSC2475.jpg?resize=300,200 300w, https:\/\/observer.com\/wp-content\/uploads\/sites\/2\/2025\/10\/Photo-credit-\u00a9-Anne-Tetzlaff_DSC2475.jpg?resize=768,512 768w, https:\/\/observer.com\/wp-content\/uploads\/sites\/2\/2025\/10\/Photo-credit-\u00a9-Anne-Tetzlaff_DSC2475.jpg?resize=635,423 635w, https:\/\/observer.com\/wp-content\/uploads\/sites\/2\/2025\/10\/Photo-credit-\u00a9-Anne-Tetzlaff_DSC2475.jpg?resize=1536,1024 1536w, https:\/\/observer.com\/wp-content\/uploads\/sites\/2\/2025\/10\/Photo-credit-\u00a9-Anne-Tetzlaff_DSC2475.jpg?resize=2048,1365 2048w, https:\/\/observer.com\/wp-content\/uploads\/sites\/2\/2025\/10\/Photo-credit-\u00a9-Anne-Tetzlaff_DSC2475.jpg?resize=970,647 970w, https:\/\/observer.com\/wp-content\/uploads\/sites\/2\/2025\/10\/Photo-credit-\u00a9-Anne-Tetzlaff_DSC2475.jpg?resize=320,213 320w, https:\/\/observer.com\/wp-content\/uploads\/sites\/2\/2025\/10\/Photo-credit-\u00a9-Anne-Tetzlaff_DSC2475.jpg?resize=1920,1280 1920w, https:\/\/observer.com\/wp-content\/uploads\/sites\/2\/2025\/10\/Photo-credit-\u00a9-Anne-Tetzlaff_DSC2475.jpg?resize=50,33 50w\" sizes=\"auto, (max-width: 600px) 300px, 620px\"\/><img loading=\"lazy\" decoding=\"async\" class=\"lazyload size-full-width wp-image-1589279\" src=\"https:\/\/observer.com\/wp-content\/uploads\/sites\/2\/2025\/10\/Photo-credit-\u00a9-Anne-Tetzlaff_DSC2475.jpg?quality=80&amp;w=970\" alt=\"Audience seated on the floor listens as a performer reads aloud in a dim gallery with text projected on the wall at Delfina Foundation.\" width=\"970\" height=\"647\" srcset=\"https:\/\/observer.com\/wp-content\/uploads\/sites\/2\/2025\/10\/Photo-credit-\u00a9-Anne-Tetzlaff_DSC2475.jpg 6000w, https:\/\/observer.com\/wp-content\/uploads\/sites\/2\/2025\/10\/Photo-credit-\u00a9-Anne-Tetzlaff_DSC2475.jpg?resize=300,200 300w, https:\/\/observer.com\/wp-content\/uploads\/sites\/2\/2025\/10\/Photo-credit-\u00a9-Anne-Tetzlaff_DSC2475.jpg?resize=768,512 768w, https:\/\/observer.com\/wp-content\/uploads\/sites\/2\/2025\/10\/Photo-credit-\u00a9-Anne-Tetzlaff_DSC2475.jpg?resize=635,423 635w, https:\/\/observer.com\/wp-content\/uploads\/sites\/2\/2025\/10\/Photo-credit-\u00a9-Anne-Tetzlaff_DSC2475.jpg?resize=1536,1024 1536w, https:\/\/observer.com\/wp-content\/uploads\/sites\/2\/2025\/10\/Photo-credit-\u00a9-Anne-Tetzlaff_DSC2475.jpg?resize=2048,1365 2048w, https:\/\/observer.com\/wp-content\/uploads\/sites\/2\/2025\/10\/Photo-credit-\u00a9-Anne-Tetzlaff_DSC2475.jpg?resize=970,647 970w, https:\/\/observer.com\/wp-content\/uploads\/sites\/2\/2025\/10\/Photo-credit-\u00a9-Anne-Tetzlaff_DSC2475.jpg?resize=320,213 320w, https:\/\/observer.com\/wp-content\/uploads\/sites\/2\/2025\/10\/Photo-credit-\u00a9-Anne-Tetzlaff_DSC2475.jpg?resize=1920,1280 1920w, https:\/\/observer.com\/wp-content\/uploads\/sites\/2\/2025\/10\/Photo-credit-\u00a9-Anne-Tetzlaff_DSC2475.jpg?resize=50,33 50w\" sizes=\"auto, (max-width: 600px) 300px, 620px\"\/><figcaption id=\"caption-attachment-1589279\" class=\"wp-caption-text\">The organization creates opportunities for emerging and established artists, curators and writers to position their practices within the relevant global discourse. <span class=\"media-credit\">Photo credit \u00a9 Anne Tetzlaff<\/span><\/figcaption><\/figure>\n<p>Regardless of their initial plans, the foundation makes clear that residents are free to do nothing if that\u2019s what they need, knowing they are supported financially and logistically to give them that flexibility and space. \u201cThe art world can feel overwhelming, and we want them to have the comfort and safety of being in London with their material needs covered,\u201d Cezar adds. \u201cWe work to secure funding so residents can have that kind of flexibility, to open themselves up to new ideas. That\u2019s what matters most to us.\u201d<\/p>\n<p>Notably, Delfina\u2019s residency program is broadly thematic, with curated areas of focus that explore urgent issues in contemporary art and in everyday life. These shared frameworks create a space for practitioners and researchers from around the world to confront and discuss complex topics together. \u201cWhat\u2019s important to us is this notion of artistic exchange and creating a place where creative practitioners can find common ground,\u201d says Cezar. \u201cI think we\u2019re creating a context where different forms of artistic exchange can take place. And the fact that we have an international community\u2014what you called a family of artists\u2014living together in this space makes that possible.\u201d<\/p>\n<p>One of the program\u2019s most enduring themes has been \u201cPolitics of food,\u201d which has run for over a decade. \u201cWe\u2019ve hosted around 120 residencies focused on that subject, bringing together artists, curators, chefs and agronomists to explore issues around food and its politics.\u201d Another long-standing thematic undercurrent is \u201cPerformance as Process,\u201d which examines performance and performativity not just as live practices but as conceptual tools for framing questions, navigating the present and recording history. Another focus, \u201cThe Public Domain, Science\/Technology &amp; Society,\u201d investigates shifting ideas of \u201cpublic\u201d and \u201ccommon space\u201d, particularly in relation to digital life, surveillance, privatization, security and shared ownership. Last but not least is \u201cCollecting as Practice,\u201d which became the foundation\u2019s\u2014and arguably the art world\u2019s\u2014first residency program specifically designed for collectors.<\/p>\n<figure id=\"attachment_1589283\" aria-describedby=\"caption-attachment-1589283\" style=\"width: 970px\" class=\"wp-caption aligncenter\"><img loading=\"lazy\" decoding=\"async\" class=\"lazyload size-full-width wp-image-1589283\" src=\"https:\/\/observer.com\/wp-content\/uploads\/sites\/2\/2025\/10\/Photo-credit-\u00a9-Anne-Tetzlaff_DSC8123.jpg?quality=80&amp;w=970\" alt=\"Visitors gather around an installation of plates filled with spices, fruits, and herbs arranged on the floor at Delfina Foundation.\" width=\"970\" height=\"1455\" srcset=\"https:\/\/observer.com\/wp-content\/uploads\/sites\/2\/2025\/10\/Photo-credit-\u00a9-Anne-Tetzlaff_DSC8123.jpg 4000w, https:\/\/observer.com\/wp-content\/uploads\/sites\/2\/2025\/10\/Photo-credit-\u00a9-Anne-Tetzlaff_DSC8123.jpg?resize=200,300 200w, https:\/\/observer.com\/wp-content\/uploads\/sites\/2\/2025\/10\/Photo-credit-\u00a9-Anne-Tetzlaff_DSC8123.jpg?resize=768,1152 768w, https:\/\/observer.com\/wp-content\/uploads\/sites\/2\/2025\/10\/Photo-credit-\u00a9-Anne-Tetzlaff_DSC8123.jpg?resize=400,600 400w, https:\/\/observer.com\/wp-content\/uploads\/sites\/2\/2025\/10\/Photo-credit-\u00a9-Anne-Tetzlaff_DSC8123.jpg?resize=1024,1536 1024w, https:\/\/observer.com\/wp-content\/uploads\/sites\/2\/2025\/10\/Photo-credit-\u00a9-Anne-Tetzlaff_DSC8123.jpg?resize=1365,2048 1365w, https:\/\/observer.com\/wp-content\/uploads\/sites\/2\/2025\/10\/Photo-credit-\u00a9-Anne-Tetzlaff_DSC8123.jpg?resize=970,1455 970w, https:\/\/observer.com\/wp-content\/uploads\/sites\/2\/2025\/10\/Photo-credit-\u00a9-Anne-Tetzlaff_DSC8123.jpg?resize=320,480 320w, https:\/\/observer.com\/wp-content\/uploads\/sites\/2\/2025\/10\/Photo-credit-\u00a9-Anne-Tetzlaff_DSC8123.jpg?resize=1920,2880 1920w, https:\/\/observer.com\/wp-content\/uploads\/sites\/2\/2025\/10\/Photo-credit-\u00a9-Anne-Tetzlaff_DSC8123.jpg?resize=33,50 33w\" sizes=\"auto, (max-width: 600px) 300px, 620px\"\/><img loading=\"lazy\" decoding=\"async\" class=\"lazyload size-full-width wp-image-1589283\" src=\"https:\/\/observer.com\/wp-content\/uploads\/sites\/2\/2025\/10\/Photo-credit-\u00a9-Anne-Tetzlaff_DSC8123.jpg?quality=80&amp;w=970\" alt=\"Visitors gather around an installation of plates filled with spices, fruits, and herbs arranged on the floor at Delfina Foundation.\" width=\"970\" height=\"1455\" srcset=\"https:\/\/observer.com\/wp-content\/uploads\/sites\/2\/2025\/10\/Photo-credit-\u00a9-Anne-Tetzlaff_DSC8123.jpg 4000w, https:\/\/observer.com\/wp-content\/uploads\/sites\/2\/2025\/10\/Photo-credit-\u00a9-Anne-Tetzlaff_DSC8123.jpg?resize=200,300 200w, https:\/\/observer.com\/wp-content\/uploads\/sites\/2\/2025\/10\/Photo-credit-\u00a9-Anne-Tetzlaff_DSC8123.jpg?resize=768,1152 768w, https:\/\/observer.com\/wp-content\/uploads\/sites\/2\/2025\/10\/Photo-credit-\u00a9-Anne-Tetzlaff_DSC8123.jpg?resize=400,600 400w, https:\/\/observer.com\/wp-content\/uploads\/sites\/2\/2025\/10\/Photo-credit-\u00a9-Anne-Tetzlaff_DSC8123.jpg?resize=1024,1536 1024w, https:\/\/observer.com\/wp-content\/uploads\/sites\/2\/2025\/10\/Photo-credit-\u00a9-Anne-Tetzlaff_DSC8123.jpg?resize=1365,2048 1365w, https:\/\/observer.com\/wp-content\/uploads\/sites\/2\/2025\/10\/Photo-credit-\u00a9-Anne-Tetzlaff_DSC8123.jpg?resize=970,1455 970w, https:\/\/observer.com\/wp-content\/uploads\/sites\/2\/2025\/10\/Photo-credit-\u00a9-Anne-Tetzlaff_DSC8123.jpg?resize=320,480 320w, https:\/\/observer.com\/wp-content\/uploads\/sites\/2\/2025\/10\/Photo-credit-\u00a9-Anne-Tetzlaff_DSC8123.jpg?resize=1920,2880 1920w, https:\/\/observer.com\/wp-content\/uploads\/sites\/2\/2025\/10\/Photo-credit-\u00a9-Anne-Tetzlaff_DSC8123.jpg?resize=33,50 33w\" sizes=\"auto, (max-width: 600px) 300px, 620px\"\/><figcaption id=\"caption-attachment-1589283\" class=\"wp-caption-text\">Delfina Foundation encourages critical practices in the arts and creates opportunities for public interaction, dissemination and enjoyment. <span class=\"media-credit\">Photo credit \u00a9 Anne Tetzlaff<\/span><\/figcaption><\/figure>\n<h3>A residency for art collectors<\/h3>\n<p>The story behind this pioneering initiative, launched in 2017, is as organic as it is amusing. \u201cIt all began almost as a joke,\u201d Cezar recalls. In 2016 and 2017, Art Basel ran a crowdfunding campaign through Kickstarter, and Delfina partnered with them to host a dinner in London. Among the invited guests was Belgian collector <a href=\"https:\/\/observer.com\/person\/alain-servais\/\" title=\"Alain Servais\" class=\"company-link\">Alain Servais<\/a>, known for both his deep collecting and his critical thinking. \u201cI said to him, \u2018We\u2019re doing this dinner with Art Basel, do you want to come? We happen to have a spare bedroom at Delfina\u2014you could stay upstairs,\u201d Cezar recalls. Servais agreed but said he wanted to spend a few extra days seeing shows around London. \u201cAt the dinner, as I introduced him, I half-joked that Alain was our \u2018first collector in residence.\u2019 We all laughed about it at the table, but then we began to think more seriously about the idea.\u201d<\/p>\n<p>Over the following days, he observed how Servais engaged with the artists in residence. The conversations were lively and sometimes polemical, but importantly, they were never transactional. \u201cMany of the artists had never had that kind of dialogue with a collector before\u2014one that wasn\u2019t about sales or agendas but about a shared love of art, the challenges surrounding it, and the opportunities it might open,\u201d Cezar notes. A few months later, they invited Servais back more formally for a week, and that became the seed of their first collector residency.<\/p>\n<figure id=\"attachment_1589277\" aria-describedby=\"caption-attachment-1589277\" style=\"width: 970px\" class=\"wp-caption aligncenter\"><img loading=\"lazy\" decoding=\"async\" class=\"lazyload size-full-width wp-image-1589277\" src=\"https:\/\/observer.com\/wp-content\/uploads\/sites\/2\/2025\/10\/Photo-credit-\u00a9-Anne-Tetzlaff_DSC1284.jpg?quality=80&amp;w=970\" alt=\"A seated group listens as an artist plays a harmonium during a workshop at Delfina Foundation.\" width=\"970\" height=\"647\" srcset=\"https:\/\/observer.com\/wp-content\/uploads\/sites\/2\/2025\/10\/Photo-credit-\u00a9-Anne-Tetzlaff_DSC1284.jpg 6000w, https:\/\/observer.com\/wp-content\/uploads\/sites\/2\/2025\/10\/Photo-credit-\u00a9-Anne-Tetzlaff_DSC1284.jpg?resize=300,200 300w, https:\/\/observer.com\/wp-content\/uploads\/sites\/2\/2025\/10\/Photo-credit-\u00a9-Anne-Tetzlaff_DSC1284.jpg?resize=768,512 768w, https:\/\/observer.com\/wp-content\/uploads\/sites\/2\/2025\/10\/Photo-credit-\u00a9-Anne-Tetzlaff_DSC1284.jpg?resize=635,423 635w, https:\/\/observer.com\/wp-content\/uploads\/sites\/2\/2025\/10\/Photo-credit-\u00a9-Anne-Tetzlaff_DSC1284.jpg?resize=1536,1024 1536w, https:\/\/observer.com\/wp-content\/uploads\/sites\/2\/2025\/10\/Photo-credit-\u00a9-Anne-Tetzlaff_DSC1284.jpg?resize=2048,1365 2048w, https:\/\/observer.com\/wp-content\/uploads\/sites\/2\/2025\/10\/Photo-credit-\u00a9-Anne-Tetzlaff_DSC1284.jpg?resize=970,647 970w, https:\/\/observer.com\/wp-content\/uploads\/sites\/2\/2025\/10\/Photo-credit-\u00a9-Anne-Tetzlaff_DSC1284.jpg?resize=320,213 320w, https:\/\/observer.com\/wp-content\/uploads\/sites\/2\/2025\/10\/Photo-credit-\u00a9-Anne-Tetzlaff_DSC1284.jpg?resize=1920,1280 1920w, https:\/\/observer.com\/wp-content\/uploads\/sites\/2\/2025\/10\/Photo-credit-\u00a9-Anne-Tetzlaff_DSC1284.jpg?resize=50,33 50w\" sizes=\"auto, (max-width: 600px) 300px, 620px\"\/><img loading=\"lazy\" decoding=\"async\" class=\"lazyload size-full-width wp-image-1589277\" src=\"https:\/\/observer.com\/wp-content\/uploads\/sites\/2\/2025\/10\/Photo-credit-\u00a9-Anne-Tetzlaff_DSC1284.jpg?quality=80&amp;w=970\" alt=\"A seated group listens as an artist plays a harmonium during a workshop at Delfina Foundation.\" width=\"970\" height=\"647\" srcset=\"https:\/\/observer.com\/wp-content\/uploads\/sites\/2\/2025\/10\/Photo-credit-\u00a9-Anne-Tetzlaff_DSC1284.jpg 6000w, https:\/\/observer.com\/wp-content\/uploads\/sites\/2\/2025\/10\/Photo-credit-\u00a9-Anne-Tetzlaff_DSC1284.jpg?resize=300,200 300w, https:\/\/observer.com\/wp-content\/uploads\/sites\/2\/2025\/10\/Photo-credit-\u00a9-Anne-Tetzlaff_DSC1284.jpg?resize=768,512 768w, https:\/\/observer.com\/wp-content\/uploads\/sites\/2\/2025\/10\/Photo-credit-\u00a9-Anne-Tetzlaff_DSC1284.jpg?resize=635,423 635w, https:\/\/observer.com\/wp-content\/uploads\/sites\/2\/2025\/10\/Photo-credit-\u00a9-Anne-Tetzlaff_DSC1284.jpg?resize=1536,1024 1536w, https:\/\/observer.com\/wp-content\/uploads\/sites\/2\/2025\/10\/Photo-credit-\u00a9-Anne-Tetzlaff_DSC1284.jpg?resize=2048,1365 2048w, https:\/\/observer.com\/wp-content\/uploads\/sites\/2\/2025\/10\/Photo-credit-\u00a9-Anne-Tetzlaff_DSC1284.jpg?resize=970,647 970w, https:\/\/observer.com\/wp-content\/uploads\/sites\/2\/2025\/10\/Photo-credit-\u00a9-Anne-Tetzlaff_DSC1284.jpg?resize=320,213 320w, https:\/\/observer.com\/wp-content\/uploads\/sites\/2\/2025\/10\/Photo-credit-\u00a9-Anne-Tetzlaff_DSC1284.jpg?resize=1920,1280 1920w, https:\/\/observer.com\/wp-content\/uploads\/sites\/2\/2025\/10\/Photo-credit-\u00a9-Anne-Tetzlaff_DSC1284.jpg?resize=50,33 50w\" sizes=\"auto, (max-width: 600px) 300px, 620px\"\/><figcaption id=\"caption-attachment-1589277\" class=\"wp-caption-text\">Residencies are at the core of Delfina Foundation\u2019s mission. <span class=\"media-credit\">Photo credit \u00a9 Anne Tetzlaff<\/span><\/figcaption><\/figure>\n<p>From there, the program\u2019s structure evolved. Initially, the goal was to create a shared space where artists and collectors could engage in dialogue. Collectors, whose professional and family commitments often limited their availability, would join for one or two weeks rather than the full 12-week residency typical for artists. \u201cWe would sit down with them and ask what they wanted to explore during their time in London,\u201d Cezar explains. \u201cThat also gave artists the chance to turn the question back on them: \u2018We\u2019re working on this project\u2014what are you working on?\u2019\u201d<\/p>\n<p>Over time, the program became more intentional, inviting collectors who were considering launching new initiatives or establishing foundations. Their residencies began to be explicitly designed to expose them to different models, networks and ideas\u2014through conversations with artists and peers, behind-the-scenes institutional visits and meetings with individuals outside their usual circles.<\/p>\n<p>\u201cToday, the program is less about the act of collecting itself and more about what collections mean in society. It asks how a private passion can be transformed into public impact,\u201d Cezar explains. \u201cThat\u2019s always the point\u2014not simply the acquisition of objects, but what those objects can signify, how they can contribute and what role they can play in the wider cultural landscape.\u201d<\/p>\n<h3>A different kind of artistic sustainability<\/h3>\n<p>From what Cezar has shared so far, it\u2019s clear that Delfina Foundation functions as a vital cultural platform, offering the art world something it urgently needs: open discussion and a chance to rethink sustainability, artistic production and research\u2014how to find the time and resources to make those things possible. This leads to the big question: What models is Delfina exploring to sustain all this? Clearly, it takes significant capital to make it happen.<\/p>\n<p>As Cezar explains, about half of Delfina\u2019s 40 annual residencies are tied to partnerships, which might involve foundations, governments or individual collectors who commit to supporting one artist from a particular country each year.<\/p>\n<p>On top of that, Delfina has six or seven geographic patron groups across Africa, Latin America, Asia-Pacific, Central and Eastern Europe, Central Asia and, most recently, North America. \u201cThese groups are made up of individuals who contribute at different levels, and their pooled support enables artists from those regions to come to Delfina,\u201d Cezar explains. Beyond that, the foundation also maintains a structure of other patrons\u2014friends, the director\u2019s circle and their global council. Altogether, about 90 percent of Delfina Foundation\u2019s support comes from individual patrons worldwide.<\/p>\n<figure id=\"attachment_1589274\" aria-describedby=\"caption-attachment-1589274\" style=\"width: 970px\" class=\"wp-caption aligncenter\"><img loading=\"lazy\" decoding=\"async\" class=\"lazyload size-full-width wp-image-1589274\" src=\"https:\/\/observer.com\/wp-content\/uploads\/sites\/2\/2025\/10\/Delfina-Foundation_Freudian_Typo_Condensed_Word_Displaced_Flesh_Exhibition-Installation-View_Image-courtesy-Delfina-Foundation_Photo-Credit-Tim-Bowditch_05.jpg?quality=80&amp;w=970\" alt=\"Gallery view of blue waiting-room chairs against a turquoise wall with posters of cats and anatomy diagrams, part of Delfina Foundation exhibition.\" width=\"970\" height=\"728\" srcset=\"https:\/\/observer.com\/wp-content\/uploads\/sites\/2\/2025\/10\/Delfina-Foundation_Freudian_Typo_Condensed_Word_Displaced_Flesh_Exhibition-Installation-View_Image-courtesy-Delfina-Foundation_Photo-Credit-Tim-Bowditch_05.jpg 8212w, https:\/\/observer.com\/wp-content\/uploads\/sites\/2\/2025\/10\/Delfina-Foundation_Freudian_Typo_Condensed_Word_Displaced_Flesh_Exhibition-Installation-View_Image-courtesy-Delfina-Foundation_Photo-Credit-Tim-Bowditch_05.jpg?resize=300,225 300w, https:\/\/observer.com\/wp-content\/uploads\/sites\/2\/2025\/10\/Delfina-Foundation_Freudian_Typo_Condensed_Word_Displaced_Flesh_Exhibition-Installation-View_Image-courtesy-Delfina-Foundation_Photo-Credit-Tim-Bowditch_05.jpg?resize=768,576 768w, https:\/\/observer.com\/wp-content\/uploads\/sites\/2\/2025\/10\/Delfina-Foundation_Freudian_Typo_Condensed_Word_Displaced_Flesh_Exhibition-Installation-View_Image-courtesy-Delfina-Foundation_Photo-Credit-Tim-Bowditch_05.jpg?resize=635,476 635w, https:\/\/observer.com\/wp-content\/uploads\/sites\/2\/2025\/10\/Delfina-Foundation_Freudian_Typo_Condensed_Word_Displaced_Flesh_Exhibition-Installation-View_Image-courtesy-Delfina-Foundation_Photo-Credit-Tim-Bowditch_05.jpg?resize=1536,1152 1536w, https:\/\/observer.com\/wp-content\/uploads\/sites\/2\/2025\/10\/Delfina-Foundation_Freudian_Typo_Condensed_Word_Displaced_Flesh_Exhibition-Installation-View_Image-courtesy-Delfina-Foundation_Photo-Credit-Tim-Bowditch_05.jpg?resize=2048,1536 2048w, https:\/\/observer.com\/wp-content\/uploads\/sites\/2\/2025\/10\/Delfina-Foundation_Freudian_Typo_Condensed_Word_Displaced_Flesh_Exhibition-Installation-View_Image-courtesy-Delfina-Foundation_Photo-Credit-Tim-Bowditch_05.jpg?resize=970,728 970w, https:\/\/observer.com\/wp-content\/uploads\/sites\/2\/2025\/10\/Delfina-Foundation_Freudian_Typo_Condensed_Word_Displaced_Flesh_Exhibition-Installation-View_Image-courtesy-Delfina-Foundation_Photo-Credit-Tim-Bowditch_05.jpg?resize=320,240 320w, https:\/\/observer.com\/wp-content\/uploads\/sites\/2\/2025\/10\/Delfina-Foundation_Freudian_Typo_Condensed_Word_Displaced_Flesh_Exhibition-Installation-View_Image-courtesy-Delfina-Foundation_Photo-Credit-Tim-Bowditch_05.jpg?resize=1920,1440 1920w, https:\/\/observer.com\/wp-content\/uploads\/sites\/2\/2025\/10\/Delfina-Foundation_Freudian_Typo_Condensed_Word_Displaced_Flesh_Exhibition-Installation-View_Image-courtesy-Delfina-Foundation_Photo-Credit-Tim-Bowditch_05.jpg?resize=50,38 50w\" sizes=\"auto, (max-width: 600px) 300px, 620px\"\/><img loading=\"lazy\" decoding=\"async\" class=\"lazyload size-full-width wp-image-1589274\" src=\"https:\/\/observer.com\/wp-content\/uploads\/sites\/2\/2025\/10\/Delfina-Foundation_Freudian_Typo_Condensed_Word_Displaced_Flesh_Exhibition-Installation-View_Image-courtesy-Delfina-Foundation_Photo-Credit-Tim-Bowditch_05.jpg?quality=80&amp;w=970\" alt=\"Gallery view of blue waiting-room chairs against a turquoise wall with posters of cats and anatomy diagrams, part of Delfina Foundation exhibition.\" width=\"970\" height=\"728\" srcset=\"https:\/\/observer.com\/wp-content\/uploads\/sites\/2\/2025\/10\/Delfina-Foundation_Freudian_Typo_Condensed_Word_Displaced_Flesh_Exhibition-Installation-View_Image-courtesy-Delfina-Foundation_Photo-Credit-Tim-Bowditch_05.jpg 8212w, https:\/\/observer.com\/wp-content\/uploads\/sites\/2\/2025\/10\/Delfina-Foundation_Freudian_Typo_Condensed_Word_Displaced_Flesh_Exhibition-Installation-View_Image-courtesy-Delfina-Foundation_Photo-Credit-Tim-Bowditch_05.jpg?resize=300,225 300w, https:\/\/observer.com\/wp-content\/uploads\/sites\/2\/2025\/10\/Delfina-Foundation_Freudian_Typo_Condensed_Word_Displaced_Flesh_Exhibition-Installation-View_Image-courtesy-Delfina-Foundation_Photo-Credit-Tim-Bowditch_05.jpg?resize=768,576 768w, https:\/\/observer.com\/wp-content\/uploads\/sites\/2\/2025\/10\/Delfina-Foundation_Freudian_Typo_Condensed_Word_Displaced_Flesh_Exhibition-Installation-View_Image-courtesy-Delfina-Foundation_Photo-Credit-Tim-Bowditch_05.jpg?resize=635,476 635w, https:\/\/observer.com\/wp-content\/uploads\/sites\/2\/2025\/10\/Delfina-Foundation_Freudian_Typo_Condensed_Word_Displaced_Flesh_Exhibition-Installation-View_Image-courtesy-Delfina-Foundation_Photo-Credit-Tim-Bowditch_05.jpg?resize=1536,1152 1536w, https:\/\/observer.com\/wp-content\/uploads\/sites\/2\/2025\/10\/Delfina-Foundation_Freudian_Typo_Condensed_Word_Displaced_Flesh_Exhibition-Installation-View_Image-courtesy-Delfina-Foundation_Photo-Credit-Tim-Bowditch_05.jpg?resize=2048,1536 2048w, https:\/\/observer.com\/wp-content\/uploads\/sites\/2\/2025\/10\/Delfina-Foundation_Freudian_Typo_Condensed_Word_Displaced_Flesh_Exhibition-Installation-View_Image-courtesy-Delfina-Foundation_Photo-Credit-Tim-Bowditch_05.jpg?resize=970,728 970w, https:\/\/observer.com\/wp-content\/uploads\/sites\/2\/2025\/10\/Delfina-Foundation_Freudian_Typo_Condensed_Word_Displaced_Flesh_Exhibition-Installation-View_Image-courtesy-Delfina-Foundation_Photo-Credit-Tim-Bowditch_05.jpg?resize=320,240 320w, https:\/\/observer.com\/wp-content\/uploads\/sites\/2\/2025\/10\/Delfina-Foundation_Freudian_Typo_Condensed_Word_Displaced_Flesh_Exhibition-Installation-View_Image-courtesy-Delfina-Foundation_Photo-Credit-Tim-Bowditch_05.jpg?resize=1920,1440 1920w, https:\/\/observer.com\/wp-content\/uploads\/sites\/2\/2025\/10\/Delfina-Foundation_Freudian_Typo_Condensed_Word_Displaced_Flesh_Exhibition-Installation-View_Image-courtesy-Delfina-Foundation_Photo-Credit-Tim-Bowditch_05.jpg?resize=50,38 50w\" sizes=\"auto, (max-width: 600px) 300px, 620px\"\/><figcaption id=\"caption-attachment-1589274\" class=\"wp-caption-text\">An installation view of \u201cFreudian Typo, Condensed Word, Displaced Flesh.\u201d <span class=\"media-credit\">\u00a9 Tim Bowditch<\/span><\/figcaption><\/figure>\n<p>Cezar acknowledges that some people often assume the \u201cCollecting as Practice\u201d program was designed to develop patrons. Yet that was never the true intention. \u201cOver time, don\u2019t get me wrong, some of the people who\u2019ve engaged with our programs have become patrons, but that\u2019s happened naturally\u2014because they gained a much clearer understanding of our work.\u201d<\/p>\n<p>It\u2019s a key principle that has allowed Delfina to secure patrons from around the world: give them agency, and make them an active part of the platform and community. \u201cWhat\u2019s important is that our patrons have agency,\u201d Cezar emphasizes. \u201cThey\u2019re not just writing checks; they\u2019re involved in the process and feel a genuine sense of investment. That makes them our best ambassadors globally.\u201d<\/p>\n<p>For this reason, Cezar often prefers to describe Delfina as a family. \u201cThat really is what it feels like\u2014a family of supporters who not only champion us but also also protect and advise us when we\u2019re building new partnerships,\u201d he observes. \u201cMany patrons have grown through that network\u2014some have become resident collectors, others have joined the board.\u201d<\/p>\n<p>Delfina regularly organizes trips and events on an international scale to keep its global patron community engaged. Most recently, they took a group to <a href=\"https:\/\/observer.com\/2025\/10\/art-review-analysis-bukhara-biennial-recipes-for-broken-hearts\/\" data-lasso-id=\"2851649\">Uzbekistan for the inaugural Bukhara Biennale<\/a>, which featured 13 Delfina alumni, including <a href=\"https:\/\/observer.com\/person\/wael-shawky\/\" title=\"Wael Shawky\" class=\"company-link\">Wael Shawky<\/a>, who represented Egypt at the Venice Biennale, and <a href=\"https:\/\/observer.com\/person\/aziz-kadiri\/\" title=\"Aziz Kadiri\" class=\"company-link\">Aziz Kadiri<\/a>, who represented Uzbekistan. \u201cIt was extraordinary for our patrons to see these artists, sometimes years after supporting them, and witness how their careers have grown,\u201d Cezar notes.<\/p>\n<p>This demonstrates the impact Delfina has had on the careers of internationally recognized artists. Residencies leave a lasting mark. Even during London Art Week, <a href=\"https:\/\/observer.com\/list\/eight-exhibitions-not-to-miss-during-frieze-week-london\/\" data-lasso-id=\"2851650\">several major shows across the city<\/a> are by Delfina alumni, including <a href=\"https:\/\/observer.com\/person\/giana-de-dier\/\" title=\"Giana De Dier\" class=\"company-link\">Giana De Dier<\/a>\u2019s commission at the National Portrait Gallery, <a href=\"https:\/\/observer.com\/person\/lawrence-lek\/\" title=\"Lawrence Lek\" class=\"company-link\">Lawrence Lek<\/a>\u2019s show at Goldsmiths CCA, Jane &amp; <a href=\"https:\/\/observer.com\/person\/louise-wilson\/\" title=\"Louise Wilson\" class=\"company-link\">Louise Wilson<\/a> at Bloomberg SPACE, <a href=\"https:\/\/observer.com\/person\/tacita-dean\/\" title=\"Tacita Dean\" class=\"company-link\">Tacita Dean<\/a>\u2019s takeover of Frith Street Gallery, Ahmet \u00d6\u011f\u00fct\u2019s project at Stratford Station as part of the London Underground commissions, <a href=\"https:\/\/observer.com\/person\/basel-abbas\/\" title=\"Basel Abbas\" class=\"company-link\">Basel Abbas<\/a> &amp; <a href=\"https:\/\/observer.com\/person\/ruanne-abou-rahme\/\" title=\"Ruanne Abou-Rahme\" class=\"company-link\">Ruanne Abou-Rahme<\/a>\u2019s presentation at Nottingham Contemporary and <a href=\"https:\/\/observer.com\/person\/karan-shrestha\/\" title=\"Karan Shrestha\" class=\"company-link\">Karan Shrestha<\/a>\u2019s work at the Wellcome Collection\u2019s \u201cThirst: In Search of Freshwater\u201d group show.<\/p>\n<figure id=\"attachment_1589276\" aria-describedby=\"caption-attachment-1589276\" style=\"width: 970px\" class=\"wp-caption aligncenter\"><img loading=\"lazy\" decoding=\"async\" class=\"lazyload size-full-width wp-image-1589276\" src=\"https:\/\/observer.com\/wp-content\/uploads\/sites\/2\/2025\/10\/Installation-view.-Farah-Al-Qasimi-Abort-Retry-Fail-2023.-Delfina-Foundation-4-October-20-November-2023.-Supported-by-Abu-Dhabi-Festival.-Photo-Tim-Bowditch.-HR-67.jpg?quality=80&amp;w=970\" alt=\"A vibrant mural of flowers and plastic bags with small photographs attached, alongside a framed photograph of a person at a computer, at Delfina Foundation.\" width=\"970\" height=\"727\" srcset=\"https:\/\/observer.com\/wp-content\/uploads\/sites\/2\/2025\/10\/Installation-view.-Farah-Al-Qasimi-Abort-Retry-Fail-2023.-Delfina-Foundation-4-October-20-November-2023.-Supported-by-Abu-Dhabi-Festival.-Photo-Tim-Bowditch.-HR-67.jpg 7869w, https:\/\/observer.com\/wp-content\/uploads\/sites\/2\/2025\/10\/Installation-view.-Farah-Al-Qasimi-Abort-Retry-Fail-2023.-Delfina-Foundation-4-October-20-November-2023.-Supported-by-Abu-Dhabi-Festival.-Photo-Tim-Bowditch.-HR-67.jpg?resize=300,225 300w, https:\/\/observer.com\/wp-content\/uploads\/sites\/2\/2025\/10\/Installation-view.-Farah-Al-Qasimi-Abort-Retry-Fail-2023.-Delfina-Foundation-4-October-20-November-2023.-Supported-by-Abu-Dhabi-Festival.-Photo-Tim-Bowditch.-HR-67.jpg?resize=768,576 768w, https:\/\/observer.com\/wp-content\/uploads\/sites\/2\/2025\/10\/Installation-view.-Farah-Al-Qasimi-Abort-Retry-Fail-2023.-Delfina-Foundation-4-October-20-November-2023.-Supported-by-Abu-Dhabi-Festival.-Photo-Tim-Bowditch.-HR-67.jpg?resize=635,476 635w, https:\/\/observer.com\/wp-content\/uploads\/sites\/2\/2025\/10\/Installation-view.-Farah-Al-Qasimi-Abort-Retry-Fail-2023.-Delfina-Foundation-4-October-20-November-2023.-Supported-by-Abu-Dhabi-Festival.-Photo-Tim-Bowditch.-HR-67.jpg?resize=1536,1152 1536w, https:\/\/observer.com\/wp-content\/uploads\/sites\/2\/2025\/10\/Installation-view.-Farah-Al-Qasimi-Abort-Retry-Fail-2023.-Delfina-Foundation-4-October-20-November-2023.-Supported-by-Abu-Dhabi-Festival.-Photo-Tim-Bowditch.-HR-67.jpg?resize=2048,1536 2048w, https:\/\/observer.com\/wp-content\/uploads\/sites\/2\/2025\/10\/Installation-view.-Farah-Al-Qasimi-Abort-Retry-Fail-2023.-Delfina-Foundation-4-October-20-November-2023.-Supported-by-Abu-Dhabi-Festival.-Photo-Tim-Bowditch.-HR-67.jpg?resize=970,727 970w, https:\/\/observer.com\/wp-content\/uploads\/sites\/2\/2025\/10\/Installation-view.-Farah-Al-Qasimi-Abort-Retry-Fail-2023.-Delfina-Foundation-4-October-20-November-2023.-Supported-by-Abu-Dhabi-Festival.-Photo-Tim-Bowditch.-HR-67.jpg?resize=320,240 320w, https:\/\/observer.com\/wp-content\/uploads\/sites\/2\/2025\/10\/Installation-view.-Farah-Al-Qasimi-Abort-Retry-Fail-2023.-Delfina-Foundation-4-October-20-November-2023.-Supported-by-Abu-Dhabi-Festival.-Photo-Tim-Bowditch.-HR-67.jpg?resize=1920,1440 1920w, https:\/\/observer.com\/wp-content\/uploads\/sites\/2\/2025\/10\/Installation-view.-Farah-Al-Qasimi-Abort-Retry-Fail-2023.-Delfina-Foundation-4-October-20-November-2023.-Supported-by-Abu-Dhabi-Festival.-Photo-Tim-Bowditch.-HR-67.jpg?resize=50,37 50w\" sizes=\"auto, (max-width: 600px) 300px, 620px\"\/><img loading=\"lazy\" decoding=\"async\" class=\"lazyload size-full-width wp-image-1589276\" src=\"https:\/\/observer.com\/wp-content\/uploads\/sites\/2\/2025\/10\/Installation-view.-Farah-Al-Qasimi-Abort-Retry-Fail-2023.-Delfina-Foundation-4-October-20-November-2023.-Supported-by-Abu-Dhabi-Festival.-Photo-Tim-Bowditch.-HR-67.jpg?quality=80&amp;w=970\" alt=\"A vibrant mural of flowers and plastic bags with small photographs attached, alongside a framed photograph of a person at a computer, at Delfina Foundation.\" width=\"970\" height=\"727\" srcset=\"https:\/\/observer.com\/wp-content\/uploads\/sites\/2\/2025\/10\/Installation-view.-Farah-Al-Qasimi-Abort-Retry-Fail-2023.-Delfina-Foundation-4-October-20-November-2023.-Supported-by-Abu-Dhabi-Festival.-Photo-Tim-Bowditch.-HR-67.jpg 7869w, https:\/\/observer.com\/wp-content\/uploads\/sites\/2\/2025\/10\/Installation-view.-Farah-Al-Qasimi-Abort-Retry-Fail-2023.-Delfina-Foundation-4-October-20-November-2023.-Supported-by-Abu-Dhabi-Festival.-Photo-Tim-Bowditch.-HR-67.jpg?resize=300,225 300w, https:\/\/observer.com\/wp-content\/uploads\/sites\/2\/2025\/10\/Installation-view.-Farah-Al-Qasimi-Abort-Retry-Fail-2023.-Delfina-Foundation-4-October-20-November-2023.-Supported-by-Abu-Dhabi-Festival.-Photo-Tim-Bowditch.-HR-67.jpg?resize=768,576 768w, https:\/\/observer.com\/wp-content\/uploads\/sites\/2\/2025\/10\/Installation-view.-Farah-Al-Qasimi-Abort-Retry-Fail-2023.-Delfina-Foundation-4-October-20-November-2023.-Supported-by-Abu-Dhabi-Festival.-Photo-Tim-Bowditch.-HR-67.jpg?resize=635,476 635w, https:\/\/observer.com\/wp-content\/uploads\/sites\/2\/2025\/10\/Installation-view.-Farah-Al-Qasimi-Abort-Retry-Fail-2023.-Delfina-Foundation-4-October-20-November-2023.-Supported-by-Abu-Dhabi-Festival.-Photo-Tim-Bowditch.-HR-67.jpg?resize=1536,1152 1536w, https:\/\/observer.com\/wp-content\/uploads\/sites\/2\/2025\/10\/Installation-view.-Farah-Al-Qasimi-Abort-Retry-Fail-2023.-Delfina-Foundation-4-October-20-November-2023.-Supported-by-Abu-Dhabi-Festival.-Photo-Tim-Bowditch.-HR-67.jpg?resize=2048,1536 2048w, https:\/\/observer.com\/wp-content\/uploads\/sites\/2\/2025\/10\/Installation-view.-Farah-Al-Qasimi-Abort-Retry-Fail-2023.-Delfina-Foundation-4-October-20-November-2023.-Supported-by-Abu-Dhabi-Festival.-Photo-Tim-Bowditch.-HR-67.jpg?resize=970,727 970w, https:\/\/observer.com\/wp-content\/uploads\/sites\/2\/2025\/10\/Installation-view.-Farah-Al-Qasimi-Abort-Retry-Fail-2023.-Delfina-Foundation-4-October-20-November-2023.-Supported-by-Abu-Dhabi-Festival.-Photo-Tim-Bowditch.-HR-67.jpg?resize=320,240 320w, https:\/\/observer.com\/wp-content\/uploads\/sites\/2\/2025\/10\/Installation-view.-Farah-Al-Qasimi-Abort-Retry-Fail-2023.-Delfina-Foundation-4-October-20-November-2023.-Supported-by-Abu-Dhabi-Festival.-Photo-Tim-Bowditch.-HR-67.jpg?resize=1920,1440 1920w, https:\/\/observer.com\/wp-content\/uploads\/sites\/2\/2025\/10\/Installation-view.-Farah-Al-Qasimi-Abort-Retry-Fail-2023.-Delfina-Foundation-4-October-20-November-2023.-Supported-by-Abu-Dhabi-Festival.-Photo-Tim-Bowditch.-HR-67.jpg?resize=50,37 50w\" sizes=\"auto, (max-width: 600px) 300px, 620px\"\/><figcaption id=\"caption-attachment-1589276\" class=\"wp-caption-text\">An installation views of \u201cFarah Al Qasimi: Abort, Retry, Fail.\u201d <span class=\"media-credit\">\u00a9 Tim Bowditch<\/span><\/figcaption><\/figure>\n<p>One of the nonprofit\u2019s most anticipated alumni shows will be staged in Delfina Foundation\u2019s own space: <a href=\"https:\/\/observer.com\/person\/maxwell-alexandre\/\" title=\"Maxwell Alexandre\" class=\"company-link\">Maxwell Alexandre<\/a>\u2019s first U.K. institutional exhibition, \u201cA Sanctuary and A Shadow of Its Walls,\u201d opening on October 17. Following his solo at Palais de Tokyo years ago\u2014and amid rising market demand for his work\u2014the show marks a pivotal moment in his trajectory and a significant evolution in his practice. The exhibition will feature newly commissioned paintings on pardo paper alongside site-specific scenography, as Alexandre continues his exploration of Black figuration but shifts focus from the vibrant scenes of the favela where he grew up to a more sociological and political investigation of everyday life inside Clube de Regatas do Flamengo, a prestigious multi-sports club in Rio de Janeiro. The presentation contemplates the nuances of seeking sanctuary, probing its fragile borders while subtly revealing power dynamics and addressing stark wealth disparities across social classes.<\/p>\n<p>Alexandre was a Delfina resident in 2018. Yet, as Cezar clarifies, the exhibition program is separate and not necessarily tied to residency. \u201cIt isn\u2019t the automatic outcome of being here, but rather a stepping stone for alumni at another point in their career,\u201d he explains. \u201cWe often invite artists who were residents two, four or even five years earlier to return for an exhibition when the timing is right. For some, like Alexandre, this is often their first show in London, the U.K. or even in Europe.\u201d<\/p>\n<p>Sometimes an exhibition grows out of ideas first developed during a residency. Still, Cezar emphasizes the importance of maintaining the distinction: residencies have no expected outcomes, while exhibitions are structured with clear timelines and budgets. \u201cWe nurture those projects over a longer duration than a residency would allow, so the artist can produce something they\u2019re genuinely proud of, without the immediate pressure of production that often defines the residency experience.\u201d<\/p>\n<figure id=\"attachment_1589273\" aria-describedby=\"caption-attachment-1589273\" style=\"width: 970px\" class=\"wp-caption aligncenter\"><img loading=\"lazy\" decoding=\"async\" class=\"lazyload size-full-width wp-image-1589273\" src=\"https:\/\/observer.com\/wp-content\/uploads\/sites\/2\/2025\/10\/Delfina-Foundation_Ana-Bidart_Long-Before-the-Walls_Exhibition-Installation-View_Image-courtesy-Delfina-Foundation_Photo-Credit-Tim-Bowditch_19.jpg?quality=80&amp;w=970\" alt=\"A large curved sheet of parchment-colored material suspended from the ceiling with small weighted objects on the floor in Delfina Foundation\u2019s gallery.\" width=\"970\" height=\"728\" srcset=\"https:\/\/observer.com\/wp-content\/uploads\/sites\/2\/2025\/10\/Delfina-Foundation_Ana-Bidart_Long-Before-the-Walls_Exhibition-Installation-View_Image-courtesy-Delfina-Foundation_Photo-Credit-Tim-Bowditch_19.jpg 8256w, https:\/\/observer.com\/wp-content\/uploads\/sites\/2\/2025\/10\/Delfina-Foundation_Ana-Bidart_Long-Before-the-Walls_Exhibition-Installation-View_Image-courtesy-Delfina-Foundation_Photo-Credit-Tim-Bowditch_19.jpg?resize=300,225 300w, https:\/\/observer.com\/wp-content\/uploads\/sites\/2\/2025\/10\/Delfina-Foundation_Ana-Bidart_Long-Before-the-Walls_Exhibition-Installation-View_Image-courtesy-Delfina-Foundation_Photo-Credit-Tim-Bowditch_19.jpg?resize=768,576 768w, https:\/\/observer.com\/wp-content\/uploads\/sites\/2\/2025\/10\/Delfina-Foundation_Ana-Bidart_Long-Before-the-Walls_Exhibition-Installation-View_Image-courtesy-Delfina-Foundation_Photo-Credit-Tim-Bowditch_19.jpg?resize=635,476 635w, https:\/\/observer.com\/wp-content\/uploads\/sites\/2\/2025\/10\/Delfina-Foundation_Ana-Bidart_Long-Before-the-Walls_Exhibition-Installation-View_Image-courtesy-Delfina-Foundation_Photo-Credit-Tim-Bowditch_19.jpg?resize=1536,1152 1536w, https:\/\/observer.com\/wp-content\/uploads\/sites\/2\/2025\/10\/Delfina-Foundation_Ana-Bidart_Long-Before-the-Walls_Exhibition-Installation-View_Image-courtesy-Delfina-Foundation_Photo-Credit-Tim-Bowditch_19.jpg?resize=2048,1536 2048w, https:\/\/observer.com\/wp-content\/uploads\/sites\/2\/2025\/10\/Delfina-Foundation_Ana-Bidart_Long-Before-the-Walls_Exhibition-Installation-View_Image-courtesy-Delfina-Foundation_Photo-Credit-Tim-Bowditch_19.jpg?resize=970,728 970w, https:\/\/observer.com\/wp-content\/uploads\/sites\/2\/2025\/10\/Delfina-Foundation_Ana-Bidart_Long-Before-the-Walls_Exhibition-Installation-View_Image-courtesy-Delfina-Foundation_Photo-Credit-Tim-Bowditch_19.jpg?resize=320,240 320w, https:\/\/observer.com\/wp-content\/uploads\/sites\/2\/2025\/10\/Delfina-Foundation_Ana-Bidart_Long-Before-the-Walls_Exhibition-Installation-View_Image-courtesy-Delfina-Foundation_Photo-Credit-Tim-Bowditch_19.jpg?resize=1920,1440 1920w, https:\/\/observer.com\/wp-content\/uploads\/sites\/2\/2025\/10\/Delfina-Foundation_Ana-Bidart_Long-Before-the-Walls_Exhibition-Installation-View_Image-courtesy-Delfina-Foundation_Photo-Credit-Tim-Bowditch_19.jpg?resize=50,38 50w\" sizes=\"auto, (max-width: 600px) 300px, 620px\"\/><img loading=\"lazy\" decoding=\"async\" class=\"lazyload size-full-width wp-image-1589273\" src=\"https:\/\/observer.com\/wp-content\/uploads\/sites\/2\/2025\/10\/Delfina-Foundation_Ana-Bidart_Long-Before-the-Walls_Exhibition-Installation-View_Image-courtesy-Delfina-Foundation_Photo-Credit-Tim-Bowditch_19.jpg?quality=80&amp;w=970\" alt=\"A large curved sheet of parchment-colored material suspended from the ceiling with small weighted objects on the floor in Delfina Foundation\u2019s gallery.\" width=\"970\" height=\"728\" srcset=\"https:\/\/observer.com\/wp-content\/uploads\/sites\/2\/2025\/10\/Delfina-Foundation_Ana-Bidart_Long-Before-the-Walls_Exhibition-Installation-View_Image-courtesy-Delfina-Foundation_Photo-Credit-Tim-Bowditch_19.jpg 8256w, https:\/\/observer.com\/wp-content\/uploads\/sites\/2\/2025\/10\/Delfina-Foundation_Ana-Bidart_Long-Before-the-Walls_Exhibition-Installation-View_Image-courtesy-Delfina-Foundation_Photo-Credit-Tim-Bowditch_19.jpg?resize=300,225 300w, https:\/\/observer.com\/wp-content\/uploads\/sites\/2\/2025\/10\/Delfina-Foundation_Ana-Bidart_Long-Before-the-Walls_Exhibition-Installation-View_Image-courtesy-Delfina-Foundation_Photo-Credit-Tim-Bowditch_19.jpg?resize=768,576 768w, https:\/\/observer.com\/wp-content\/uploads\/sites\/2\/2025\/10\/Delfina-Foundation_Ana-Bidart_Long-Before-the-Walls_Exhibition-Installation-View_Image-courtesy-Delfina-Foundation_Photo-Credit-Tim-Bowditch_19.jpg?resize=635,476 635w, https:\/\/observer.com\/wp-content\/uploads\/sites\/2\/2025\/10\/Delfina-Foundation_Ana-Bidart_Long-Before-the-Walls_Exhibition-Installation-View_Image-courtesy-Delfina-Foundation_Photo-Credit-Tim-Bowditch_19.jpg?resize=1536,1152 1536w, https:\/\/observer.com\/wp-content\/uploads\/sites\/2\/2025\/10\/Delfina-Foundation_Ana-Bidart_Long-Before-the-Walls_Exhibition-Installation-View_Image-courtesy-Delfina-Foundation_Photo-Credit-Tim-Bowditch_19.jpg?resize=2048,1536 2048w, https:\/\/observer.com\/wp-content\/uploads\/sites\/2\/2025\/10\/Delfina-Foundation_Ana-Bidart_Long-Before-the-Walls_Exhibition-Installation-View_Image-courtesy-Delfina-Foundation_Photo-Credit-Tim-Bowditch_19.jpg?resize=970,728 970w, https:\/\/observer.com\/wp-content\/uploads\/sites\/2\/2025\/10\/Delfina-Foundation_Ana-Bidart_Long-Before-the-Walls_Exhibition-Installation-View_Image-courtesy-Delfina-Foundation_Photo-Credit-Tim-Bowditch_19.jpg?resize=320,240 320w, https:\/\/observer.com\/wp-content\/uploads\/sites\/2\/2025\/10\/Delfina-Foundation_Ana-Bidart_Long-Before-the-Walls_Exhibition-Installation-View_Image-courtesy-Delfina-Foundation_Photo-Credit-Tim-Bowditch_19.jpg?resize=1920,1440 1920w, https:\/\/observer.com\/wp-content\/uploads\/sites\/2\/2025\/10\/Delfina-Foundation_Ana-Bidart_Long-Before-the-Walls_Exhibition-Installation-View_Image-courtesy-Delfina-Foundation_Photo-Credit-Tim-Bowditch_19.jpg?resize=50,38 50w\" sizes=\"auto, (max-width: 600px) 300px, 620px\"\/><figcaption id=\"caption-attachment-1589273\" class=\"wp-caption-text\">An installation view of \u201cAna Bidart: Long Before the Walls.\u201d <span class=\"media-credit\">\u00a9 Tim Bowditch<\/span><\/figcaption><\/figure>\n<h3>Delfina Foundation\u2019s beginnings<\/h3>\n<p>The London nonprofit was founded by <a href=\"https:\/\/observer.com\/person\/delfina-entrecanales\/\" title=\"Delfina Entrecanales\" class=\"company-link\">Delfina Entrecanales<\/a> (1927-2022), a Spanish-born philanthropist and passionate arts patron who passed away at the age of 94. \u201cI had the pleasure of starting Delfina Foundation with her 18 years ago, in October 2007, so we\u2019re just about to mark our 18th birthday,\u201d Cezar says, recalling how she was famous for saying, \u201cI collect artists, not art.\u201d For her, it was always about the relationships she forged with artists more than the objects. \u201cShe used to say, \u2018I\u2019ll spend more time with a person than I\u2019ll ever spend with a painting\u2019\u2014and that really defined her view,\u201d Cezar explains.<\/p>\n<p>Entrecanales was born in Spain in a period marked by conflict and upheaval and came of age under Franco\u2019s regime. In the late 1940s, after World War II, her father sent her to London to prevent her from being educated under a fascist system. She eventually settled there after marrying an Englishman, but it was only decades later\u2014at the age of 62\u2014that she founded her first formal nonprofit to support artists.<\/p>\n<p>\u201cShe wasn\u2019t really a collector herself, though she inherited Spanish Impressionist works from her father, who was both an engineer and a collector, and founded the company Acciona,\u201d Cezar explains. From her father, Entrecanales inherited a love of the arts, but her own focus was never on building a collection. Instead, she directed her energy toward people.<\/p>\n<p>\u201cAs the eldest in her family, she had long taken responsibility for caring for others, and when artists and intellectuals arrived in exile in the U.K., she offered them support. Her early efforts focused on musicians, including the British artist <a href=\"https:\/\/observer.com\/person\/robert-wyatt\/\" title=\"Robert Wyatt\" class=\"company-link\">Robert Wyatt<\/a>, whom she backed at her farm in Wiltshire by providing them with space and encouragement. In time, this commitment expanded to visual artists.\u201d<\/p>\n<figure id=\"attachment_1589288\" aria-describedby=\"caption-attachment-1589288\" style=\"width: 970px\" class=\"wp-caption aligncenter\"><img loading=\"lazy\" decoding=\"async\" class=\"lazyload size-full-width wp-image-1589288\" src=\"https:\/\/observer.com\/wp-content\/uploads\/sites\/2\/2025\/10\/Delfina-Studio-Trust-1993.jpg?quality=80&amp;w=970\" alt=\"Group portrait of Delfina Entrecanales seated with a diverse group of young artists at Delfina Studios Trust in 1993, surrounded by contemporary artworks on the walls.\" width=\"970\" height=\"932\" srcset=\"https:\/\/observer.com\/wp-content\/uploads\/sites\/2\/2025\/10\/Delfina-Studio-Trust-1993.jpg 978w, https:\/\/observer.com\/wp-content\/uploads\/sites\/2\/2025\/10\/Delfina-Studio-Trust-1993.jpg?resize=300,288 300w, https:\/\/observer.com\/wp-content\/uploads\/sites\/2\/2025\/10\/Delfina-Studio-Trust-1993.jpg?resize=768,738 768w, https:\/\/observer.com\/wp-content\/uploads\/sites\/2\/2025\/10\/Delfina-Studio-Trust-1993.jpg?resize=624,600 624w, https:\/\/observer.com\/wp-content\/uploads\/sites\/2\/2025\/10\/Delfina-Studio-Trust-1993.jpg?resize=970,932 970w, https:\/\/observer.com\/wp-content\/uploads\/sites\/2\/2025\/10\/Delfina-Studio-Trust-1993.jpg?resize=320,308 320w, https:\/\/observer.com\/wp-content\/uploads\/sites\/2\/2025\/10\/Delfina-Studio-Trust-1993.jpg?resize=50,48 50w\" sizes=\"auto, (max-width: 600px) 300px, 620px\"\/><img loading=\"lazy\" decoding=\"async\" class=\"lazyload size-full-width wp-image-1589288\" src=\"https:\/\/observer.com\/wp-content\/uploads\/sites\/2\/2025\/10\/Delfina-Studio-Trust-1993.jpg?quality=80&amp;w=970\" alt=\"Group portrait of Delfina Entrecanales seated with a diverse group of young artists at Delfina Studios Trust in 1993, surrounded by contemporary artworks on the walls.\" width=\"970\" height=\"932\" srcset=\"https:\/\/observer.com\/wp-content\/uploads\/sites\/2\/2025\/10\/Delfina-Studio-Trust-1993.jpg 978w, https:\/\/observer.com\/wp-content\/uploads\/sites\/2\/2025\/10\/Delfina-Studio-Trust-1993.jpg?resize=300,288 300w, https:\/\/observer.com\/wp-content\/uploads\/sites\/2\/2025\/10\/Delfina-Studio-Trust-1993.jpg?resize=768,738 768w, https:\/\/observer.com\/wp-content\/uploads\/sites\/2\/2025\/10\/Delfina-Studio-Trust-1993.jpg?resize=624,600 624w, https:\/\/observer.com\/wp-content\/uploads\/sites\/2\/2025\/10\/Delfina-Studio-Trust-1993.jpg?resize=970,932 970w, https:\/\/observer.com\/wp-content\/uploads\/sites\/2\/2025\/10\/Delfina-Studio-Trust-1993.jpg?resize=320,308 320w, https:\/\/observer.com\/wp-content\/uploads\/sites\/2\/2025\/10\/Delfina-Studio-Trust-1993.jpg?resize=50,48 50w\" sizes=\"auto, (max-width: 600px) 300px, 620px\"\/><figcaption id=\"caption-attachment-1589288\" class=\"wp-caption-text\">Delfina Studio Trust founder Delfina Entrecanales with studio artists in Stratford in 1993. <span class=\"media-credit\">Delfina Foundation<\/span><\/figcaption><\/figure>\n<p>Delfina Foundation grew out of the Delfina Studios Trust, which Entrecanales founded in 1988 to provide subsidized studios for London artists and an international residency program in a renovated jeans factory in Stratford, and later in a former chocolate factory in Bermondsey\u2014today White Cube\u2019s Bermondsey space. Delfina Studios quickly became a cornerstone of the Young British Artists movement. <a href=\"https:\/\/observer.com\/person\/sonia-boyce\/\" title=\"Sonia Boyce\" class=\"company-link\">Sonia Boyce<\/a>, who would go on to win the Golden Lion in Venice in 2024, was among its first residents, and the studios also supported figures such as Tacita Dean, Mika Rottenberg, Urs Fischer and Wade Guyton. By the time Delfina Foundation was established in 2007, Entrecanales\u2019s influence was already deeply embedded in the history of contemporary art.<\/p>\n<p>Over the years, Delfina has become both a participant in contemporary art history and a connector for London\u2019s art scene. Its role, Cezar explains, has been shaped through partnerships that extend opportunities for residents beyond the foundation itself. For example, Delfina has maintained a decade-long fellowship with Tate, currently hosting two curators in residence, and has collaborated with the V&amp;A, The Showroom and Chisenhale Gallery, among others. Through these relationships, international artists have been able to enter the programs of major London institutions, positioning Delfina as a stepping stone and contributor to the broader cultural fabric of the city.<\/p>\n<p>At the same time, Delfina has helped sustain the connection between London\u2019s art ecosystem and the global art scene. While the foundation does not impose geographic limits and presents itself as a global program, it has since its founding built deep relationships and played a key role in supporting artists and cultural practitioners from underrepresented regions such as the Middle East, North Africa and South Asia. Its mission is to foster mutual international critical discourse through programming, encouraging understanding through artistic practice and exchange.<\/p>\n<figure id=\"attachment_1589280\" aria-describedby=\"caption-attachment-1589280\" style=\"width: 970px\" class=\"wp-caption aligncenter\"><img loading=\"lazy\" decoding=\"async\" class=\"lazyload size-full-width wp-image-1589280\" src=\"https:\/\/observer.com\/wp-content\/uploads\/sites\/2\/2025\/10\/Residents-workshop-with-curator-Raimundas-Malasauskas-autumn-2024.-Photo-Anne-Tetzlaff-LR-3.jpg?quality=80&amp;w=970\" alt=\"A group of residents stand and move in a bright studio room during a participatory workshop led by curator Raimundas Mala\u0161auskas at Delfina Foundation.\" width=\"970\" height=\"647\" srcset=\"https:\/\/observer.com\/wp-content\/uploads\/sites\/2\/2025\/10\/Residents-workshop-with-curator-Raimundas-Malasauskas-autumn-2024.-Photo-Anne-Tetzlaff-LR-3.jpg 1500w, https:\/\/observer.com\/wp-content\/uploads\/sites\/2\/2025\/10\/Residents-workshop-with-curator-Raimundas-Malasauskas-autumn-2024.-Photo-Anne-Tetzlaff-LR-3.jpg?resize=300,200 300w, https:\/\/observer.com\/wp-content\/uploads\/sites\/2\/2025\/10\/Residents-workshop-with-curator-Raimundas-Malasauskas-autumn-2024.-Photo-Anne-Tetzlaff-LR-3.jpg?resize=768,512 768w, https:\/\/observer.com\/wp-content\/uploads\/sites\/2\/2025\/10\/Residents-workshop-with-curator-Raimundas-Malasauskas-autumn-2024.-Photo-Anne-Tetzlaff-LR-3.jpg?resize=635,423 635w, https:\/\/observer.com\/wp-content\/uploads\/sites\/2\/2025\/10\/Residents-workshop-with-curator-Raimundas-Malasauskas-autumn-2024.-Photo-Anne-Tetzlaff-LR-3.jpg?resize=970,647 970w, https:\/\/observer.com\/wp-content\/uploads\/sites\/2\/2025\/10\/Residents-workshop-with-curator-Raimundas-Malasauskas-autumn-2024.-Photo-Anne-Tetzlaff-LR-3.jpg?resize=320,213 320w, https:\/\/observer.com\/wp-content\/uploads\/sites\/2\/2025\/10\/Residents-workshop-with-curator-Raimundas-Malasauskas-autumn-2024.-Photo-Anne-Tetzlaff-LR-3.jpg?resize=50,33 50w\" sizes=\"auto, (max-width: 600px) 300px, 620px\"\/><img loading=\"lazy\" decoding=\"async\" class=\"lazyload size-full-width wp-image-1589280\" src=\"https:\/\/observer.com\/wp-content\/uploads\/sites\/2\/2025\/10\/Residents-workshop-with-curator-Raimundas-Malasauskas-autumn-2024.-Photo-Anne-Tetzlaff-LR-3.jpg?quality=80&amp;w=970\" alt=\"A group of residents stand and move in a bright studio room during a participatory workshop led by curator Raimundas Mala\u0161auskas at Delfina Foundation.\" width=\"970\" height=\"647\" srcset=\"https:\/\/observer.com\/wp-content\/uploads\/sites\/2\/2025\/10\/Residents-workshop-with-curator-Raimundas-Malasauskas-autumn-2024.-Photo-Anne-Tetzlaff-LR-3.jpg 1500w, https:\/\/observer.com\/wp-content\/uploads\/sites\/2\/2025\/10\/Residents-workshop-with-curator-Raimundas-Malasauskas-autumn-2024.-Photo-Anne-Tetzlaff-LR-3.jpg?resize=300,200 300w, https:\/\/observer.com\/wp-content\/uploads\/sites\/2\/2025\/10\/Residents-workshop-with-curator-Raimundas-Malasauskas-autumn-2024.-Photo-Anne-Tetzlaff-LR-3.jpg?resize=768,512 768w, https:\/\/observer.com\/wp-content\/uploads\/sites\/2\/2025\/10\/Residents-workshop-with-curator-Raimundas-Malasauskas-autumn-2024.-Photo-Anne-Tetzlaff-LR-3.jpg?resize=635,423 635w, https:\/\/observer.com\/wp-content\/uploads\/sites\/2\/2025\/10\/Residents-workshop-with-curator-Raimundas-Malasauskas-autumn-2024.-Photo-Anne-Tetzlaff-LR-3.jpg?resize=970,647 970w, https:\/\/observer.com\/wp-content\/uploads\/sites\/2\/2025\/10\/Residents-workshop-with-curator-Raimundas-Malasauskas-autumn-2024.-Photo-Anne-Tetzlaff-LR-3.jpg?resize=320,213 320w, https:\/\/observer.com\/wp-content\/uploads\/sites\/2\/2025\/10\/Residents-workshop-with-curator-Raimundas-Malasauskas-autumn-2024.-Photo-Anne-Tetzlaff-LR-3.jpg?resize=50,33 50w\" sizes=\"auto, (max-width: 600px) 300px, 620px\"\/><figcaption id=\"caption-attachment-1589280\" class=\"wp-caption-text\">Delfina Foundation fosters mutual understanding via artistic practice and exchange. <span class=\"media-credit\">Photo credit \u00a9 Anne Tetzlaff<\/span><\/figcaption><\/figure>\n<p>\u201cThis creates a very unique environment, and I think it speaks both to London\u2019s international appeal and to the way we\u2019ve worked to create a safe space for different conversations to take place,\u201d Cezar explains, emphasizing how cultural exchange has always been a part of their mission\u2014finding commonalities across different artistic practices and histories, even when those histories can be traumatic. \u201cAnd we can\u2019t ignore the fact that our residency is situated in London, a city that was once the head of a world empire and later part of the European Union. It\u2019s a city that contains enormous layers of memory, history, archives and resources. Artists come here to interrogate those legacies, to entangle themselves in that history and often to work through their own.\u201d<\/p>\n<p>Looking ahead, Cezar anticipates that Central Asia will become another primary focus for Delfina, as the region has long been underrepresented in its program. North America is also emerging as a priority, though for different reasons. From its inception, the residency sought to be a safe space and a haven for artists, initially concentrating on practitioners from the Middle East and North Africa in the aftermath of September 11, when global divisions were acutely felt. \u201cDelfina helped build an East-West dialogue through art,\u201d Cezar asserts.<\/p>\n<p>Today, however, with freedom of expression increasingly under threat in many parts of the world, he sees it as urgent to extend support to artists in North America and other regions to continue the intercultural dialogue and exchange that Delfina has long fostered and protected.<\/p>\n<h3>More in artist residencies<\/h3>\n<p>\t\t\t\t<img decoding=\"async\" itemprop=\"image\" src=\"https:\/\/observer.com\/wp-content\/uploads\/sites\/2\/2025\/10\/Photo-credit-\u00a9-Anne-Tetzlaff_DSC2326.jpg?quality=80&amp;w=970\" alt=\"No Deadlines, No Demands: Inside Delfina Foundation, London\u2019s Most International Residency\" style=\"display:none;width:0;\"\/><\/p><\/div>\n<p><script>\n\t!function(f,b,e,v,n,t,s)\n\t{if(f.fbq)return;n=f.fbq=function(){n.callMethod?\n\t\tn.callMethod.apply(n,arguments):n.queue.push(arguments)};\n\t\tif(!f._fbq)f._fbq=n;n.push=n;n.loaded=!0;n.version='2.0';\n\t\tn.queue=[];t=b.createElement(e);t.async=!0;\n\t\tt.src=v;s=b.getElementsByTagName(e)[0];\n\t\ts.parentNode.insertBefore(t,s)}(window, document,'script',\n\t\t'https:\/\/connect.facebook.net\/en_US\/fbevents.js');\n\tfbq('init', '618909876214345');\n\tfbq('track', 'PageView');\n<\/script><\/p>\n","protected":false},"excerpt":{"rendered":"<p>Delfina Foundation is an independent, non-profit foundation dedicated to facilitating artistic exchange and developing creative practice through residencies, partnerships and public programming. Photo credit \u00a9 Anne Tetzlaff For more than 20 years, Delfina Foundation has been a cornerstone of London\u2019s art ecosystem, serving not only as a research platform for both artistic and curatorial practices [&hellip;]<\/p>\n","protected":false},"author":1,"featured_media":16699,"comment_status":"open","ping_status":"open","sticky":false,"template":"","format":"standard","meta":{"tdm_status":"","tdm_grid_status":"","footnotes":""},"categories":[10],"tags":[],"class_list":{"0":"post-16698","1":"post","2":"type-post","3":"status-publish","4":"format-standard","5":"has-post-thumbnail","7":"category-usa-news"},"_links":{"self":[{"href":"https:\/\/nationalgunowner.org\/index.php\/wp-json\/wp\/v2\/posts\/16698","targetHints":{"allow":["GET"]}}],"collection":[{"href":"https:\/\/nationalgunowner.org\/index.php\/wp-json\/wp\/v2\/posts"}],"about":[{"href":"https:\/\/nationalgunowner.org\/index.php\/wp-json\/wp\/v2\/types\/post"}],"author":[{"embeddable":true,"href":"https:\/\/nationalgunowner.org\/index.php\/wp-json\/wp\/v2\/users\/1"}],"replies":[{"embeddable":true,"href":"https:\/\/nationalgunowner.org\/index.php\/wp-json\/wp\/v2\/comments?post=16698"}],"version-history":[{"count":1,"href":"https:\/\/nationalgunowner.org\/index.php\/wp-json\/wp\/v2\/posts\/16698\/revisions"}],"predecessor-version":[{"id":16700,"href":"https:\/\/nationalgunowner.org\/index.php\/wp-json\/wp\/v2\/posts\/16698\/revisions\/16700"}],"wp:featuredmedia":[{"embeddable":true,"href":"https:\/\/nationalgunowner.org\/index.php\/wp-json\/wp\/v2\/media\/16699"}],"wp:attachment":[{"href":"https:\/\/nationalgunowner.org\/index.php\/wp-json\/wp\/v2\/media?parent=16698"}],"wp:term":[{"taxonomy":"category","embeddable":true,"href":"https:\/\/nationalgunowner.org\/index.php\/wp-json\/wp\/v2\/categories?post=16698"},{"taxonomy":"post_tag","embeddable":true,"href":"https:\/\/nationalgunowner.org\/index.php\/wp-json\/wp\/v2\/tags?post=16698"}],"curies":[{"name":"wp","href":"https:\/\/api.w.org\/{rel}","templated":true}]}}