{"id":20603,"date":"2026-01-26T19:54:09","date_gmt":"2026-01-26T19:54:09","guid":{"rendered":"https:\/\/nationalgunowner.org\/index.php\/2026\/01\/26\/artists-are-shaping-puerto-ricos-cultural-future-one-space-at-a-time\/"},"modified":"2026-01-26T19:54:24","modified_gmt":"2026-01-26T19:54:24","slug":"artists-are-shaping-puerto-ricos-cultural-future-one-space-at-a-time","status":"publish","type":"post","link":"https:\/\/nationalgunowner.org\/index.php\/2026\/01\/26\/artists-are-shaping-puerto-ricos-cultural-future-one-space-at-a-time\/","title":{"rendered":"Artists Are Shaping Puerto Rico\u2019s Cultural Future One Space at a Time"},"content":{"rendered":"<div itemprop=\"articleBody\">\n<figure id=\"attachment_1610999\" aria-describedby=\"caption-attachment-1610999\" style=\"width: 970px\" class=\"wp-caption aligncenter\"><figcaption id=\"caption-attachment-1610999\" class=\"wp-caption-text\">Larissa De Jes\u00fas Negr\u00f3n, <em>Abundance of choices that lead to<\/em> change, 2025. 40 x 70 in, in progress in the artist\u2019s San Juan studio. <span class=\"media-credit\">Courtesy of the artist<\/span><\/figcaption><\/figure>\n<p><a href=\"https:\/\/observer.com\/person\/bad-bunny\/\" title=\"Bad Bunny\" class=\"company-link\">Bad Bunny<\/a>\u2014and reggaeton more broadly\u2014has undeniably helped bring Puerto Rico and its culture back to the center of the international stage. After becoming the most-streamed artist globally for three consecutive years (2020-2022), the artist returned to the top in 2025, dethroning Taylor Swift as Spotify\u2019s most-streamed artist worldwide with roughly 19.8 billion streams that year. In the same year, his sold-out San Juan residency drew fans from around the world to the island.<\/p>\n<section class=\"wp-block-observer-newsletters observer-newsletters--in-content\">\n<\/section>\n<p>What\u2019s important here is that, rather than simply exporting Puerto Rican music, Bad Bunny helped re-center Puerto Rico as a cultural reference point. He catalyzed a multilayered spillover across tourism, local economies and global visibility, turning reggaeton from a worldwide genre into a form of cultural infrastructure with tangible economic and cultural consequences for the island.<\/p>\n<p>But Puerto Rico\u2019s cultural vitality extends well beyond the music industry. The island has long had an active arts scene, but in recent years\u2014and particularly in the aftermath of Hurricane Maria and now with the new Trump policies\u2014that ecosystem has entered a period of renewed intensity and expansion. This growth has been driven by grassroots initiatives and the endemic creative energies of local artists, even as the scene continues to struggle for the international visibility it deserves.<\/p>\n<p>\u201cAfter Hurricane Maria and the pandemic, the art scene has grown significantly, with more options for artists such as artist residencies, fellowships, and grants both within and outside of Puerto Rico,\u201d art dealer <a href=\"https:\/\/observer.com\/person\/walter-otero\/\" title=\"Walter Otero\" class=\"company-link\">Walter Otero<\/a> told Observer. Otero has been actively involved in championing Puerto Rican artists through his gallery and as a board member of Museo de Arte (MUSA) in Mayag\u00fcez. He noted that the scene has gotten stronger over many years, not only through the work of artists, gallery owners and institutions but also thanks to Puerto Rican curators who hold important positions in American institutions. The 2023 Whitney show \u201cno existe un mundo poshurac\u00e1n: Puerto Rican Art in the Wake of Hurricane Maria,\u201d curated by <a href=\"https:\/\/observer.com\/person\/marcela-guerrero\/\" title=\"Marcela Guerrero\" class=\"company-link\">Marcela Guerrero<\/a>, helped bring many Puerto Rican artists to international attention. \u201cWe also can\u2019t overlook the fact that music and phenomena like Bad Bunny and Ricky Martin, among others, are greatly helping to bring global attention to what\u2019s happening on the island,\u201d said Otero. \u201cThe incredible thing about our artists is that they achieve success abroad and always end up returning to continue strengthening and supporting the local scene.\u201d<\/p>\n<p>During a brief press trip, we were able to glimpse just how much is happening on the ground\u2014and how urgently this moment calls for closer attention. Driven largely by artists themselves, a network of galleries, collectives, monthly initiatives and adaptive institutions is redefining how art is produced, shared and sustained amid political uncertainty, public debt and accelerating gentrification. Most of the spaces in San Juan are run by artists and local creatives, often embracing a more fluid model that avoids rigid distinctions between art and artisanal work, as well as between visual art and other disciplines. Importantly, these spaces also tend to reject the white-cube model, resisting separation from the life of the surrounding community while aiming to attract a broader local audience.<\/p>\n<figure id=\"attachment_1610575\" aria-describedby=\"caption-attachment-1610575\" style=\"width: 970px\" class=\"wp-caption aligncenter\"><img loading=\"lazy\" decoding=\"async\" class=\"lazyload wp-image-1610575 size-full-width\" src=\"https:\/\/observer.com\/wp-content\/uploads\/sites\/2\/2026\/01\/PabloDelano_ParadiseisHell4_Embajada.jpg?quality=80&amp;w=970\" alt=\"Gallery room with dark gray walls displaying panoramic photographic works of landscapes, beaches and industrial scenes arranged in horizontal bands.\" width=\"970\" height=\"647\" srcset=\"https:\/\/observer.com\/wp-content\/uploads\/sites\/2\/2026\/01\/PabloDelano_ParadiseisHell4_Embajada.jpg 3500w, https:\/\/observer.com\/wp-content\/uploads\/sites\/2\/2026\/01\/PabloDelano_ParadiseisHell4_Embajada.jpg?resize=300,200 300w, https:\/\/observer.com\/wp-content\/uploads\/sites\/2\/2026\/01\/PabloDelano_ParadiseisHell4_Embajada.jpg?resize=768,512 768w, https:\/\/observer.com\/wp-content\/uploads\/sites\/2\/2026\/01\/PabloDelano_ParadiseisHell4_Embajada.jpg?resize=635,423 635w, https:\/\/observer.com\/wp-content\/uploads\/sites\/2\/2026\/01\/PabloDelano_ParadiseisHell4_Embajada.jpg?resize=1536,1024 1536w, https:\/\/observer.com\/wp-content\/uploads\/sites\/2\/2026\/01\/PabloDelano_ParadiseisHell4_Embajada.jpg?resize=2048,1365 2048w, https:\/\/observer.com\/wp-content\/uploads\/sites\/2\/2026\/01\/PabloDelano_ParadiseisHell4_Embajada.jpg?resize=970,647 970w, https:\/\/observer.com\/wp-content\/uploads\/sites\/2\/2026\/01\/PabloDelano_ParadiseisHell4_Embajada.jpg?resize=320,213 320w, https:\/\/observer.com\/wp-content\/uploads\/sites\/2\/2026\/01\/PabloDelano_ParadiseisHell4_Embajada.jpg?resize=1920,1280 1920w, https:\/\/observer.com\/wp-content\/uploads\/sites\/2\/2026\/01\/PabloDelano_ParadiseisHell4_Embajada.jpg?resize=50,33 50w\" sizes=\"auto, (max-width: 600px) 300px, 620px\"\/><img loading=\"lazy\" decoding=\"async\" class=\"lazyload wp-image-1610575 size-full-width\" src=\"https:\/\/observer.com\/wp-content\/uploads\/sites\/2\/2026\/01\/PabloDelano_ParadiseisHell4_Embajada.jpg?quality=80&amp;w=970\" alt=\"Gallery room with dark gray walls displaying panoramic photographic works of landscapes, beaches and industrial scenes arranged in horizontal bands.\" width=\"970\" height=\"647\" srcset=\"https:\/\/observer.com\/wp-content\/uploads\/sites\/2\/2026\/01\/PabloDelano_ParadiseisHell4_Embajada.jpg 3500w, https:\/\/observer.com\/wp-content\/uploads\/sites\/2\/2026\/01\/PabloDelano_ParadiseisHell4_Embajada.jpg?resize=300,200 300w, https:\/\/observer.com\/wp-content\/uploads\/sites\/2\/2026\/01\/PabloDelano_ParadiseisHell4_Embajada.jpg?resize=768,512 768w, https:\/\/observer.com\/wp-content\/uploads\/sites\/2\/2026\/01\/PabloDelano_ParadiseisHell4_Embajada.jpg?resize=635,423 635w, https:\/\/observer.com\/wp-content\/uploads\/sites\/2\/2026\/01\/PabloDelano_ParadiseisHell4_Embajada.jpg?resize=1536,1024 1536w, https:\/\/observer.com\/wp-content\/uploads\/sites\/2\/2026\/01\/PabloDelano_ParadiseisHell4_Embajada.jpg?resize=2048,1365 2048w, https:\/\/observer.com\/wp-content\/uploads\/sites\/2\/2026\/01\/PabloDelano_ParadiseisHell4_Embajada.jpg?resize=970,647 970w, https:\/\/observer.com\/wp-content\/uploads\/sites\/2\/2026\/01\/PabloDelano_ParadiseisHell4_Embajada.jpg?resize=320,213 320w, https:\/\/observer.com\/wp-content\/uploads\/sites\/2\/2026\/01\/PabloDelano_ParadiseisHell4_Embajada.jpg?resize=1920,1280 1920w, https:\/\/observer.com\/wp-content\/uploads\/sites\/2\/2026\/01\/PabloDelano_ParadiseisHell4_Embajada.jpg?resize=50,33 50w\" sizes=\"auto, (max-width: 600px) 300px, 620px\"\/><figcaption id=\"caption-attachment-1610575\" class=\"wp-caption-text\">Installation view: Pablo Delano\u2019s \u201cMy Paradise is Hell\u201d at EMBAJADA. <span class=\"media-credit\">Courtesy of the artist and EMBAJADA, San Juan<\/span><\/figcaption><\/figure>\n<h3>EMBAJADA<\/h3>\n<p>One of the first spaces of this new generation was EMBAJADA, which opened in San Juan in 2015 with the explicit mission of functioning as an \u201cembassy,\u201d as the name suggests, providing international visibility for Puerto Rican art. The project was founded by <a href=\"https:\/\/observer.com\/person\/christopher-rivera\/\" title=\"Christopher Rivera\" class=\"company-link\">Christopher Rivera<\/a> and <a href=\"https:\/\/observer.com\/person\/manuela-paz\/\" title=\"Manuela Paz\" class=\"company-link\">Manuela Paz<\/a>, who were living and working in New York at the time. Since then, they have served as key bridges between the island\u2019s art scene and the U.S., as well as the broader international art world. EMBAJADA has participated in fairs such as NADA in Miami and New York, mounting pop-ups and regular collaborations with galleries in the U.S. and abroad. What began as a project space has, over the past decade, evolved into a fully structured gallery that now represents multiple Puerto Rican artists and plays an active role in building the careers and visibility of emerging talents and overlooked masters.<\/p>\n<p>The artists recently added to EMBAJADA\u2019s roster reflect the breadth of its program, spanning established figures such as <a href=\"https:\/\/observer.com\/person\/pablo-delano\/\" title=\"Pablo Delano\" class=\"company-link\">Pablo Delano<\/a> and <a href=\"https:\/\/observer.com\/person\/edra-soto\/\" title=\"Edra Soto\" class=\"company-link\">Edra Soto<\/a>, as well as a younger generation that includes <a href=\"https:\/\/observer.com\/person\/joshua-nazario-lugo\/\" title=\"Joshua Nazario Lugo\" class=\"company-link\">Joshua Nazario Lugo<\/a>, <a href=\"https:\/\/observer.com\/person\/jean-pierre-villafane\/\" title=\"Jean-Pierre Villafa\u00f1e\" class=\"company-link\">Jean-Pierre Villafa\u00f1e<\/a>, and <a href=\"https:\/\/observer.com\/person\/georgina-trevino\/\" title=\"Georgina Trevi\u00f1o\" class=\"company-link\">Georgina Trevi\u00f1o<\/a>, whom the gallery will present at NADA New York in May. Ta\u00edna Cruz, who will participate in the forthcoming Whitney Biennial and was recently spotlighted by the gallery at NADA Miami, also features prominently, as do artist-choreographer <a href=\"https:\/\/observer.com\/person\/kiani-del-valle\/\" title=\"K\u00edani del Valle\" class=\"company-link\">K\u00edani del Valle<\/a> and <a href=\"https:\/\/observer.com\/person\/jonathan-torres\/\" title=\"Jonathan Torres\" class=\"company-link\">Jonathan Torres<\/a>, both of whom will appear in EMBAJADA\u2019s upcoming presentation at NADA New York. The gallery was the first to showcase <a href=\"https:\/\/observer.com\/person\/daniel-lind-ramos\/\" title=\"Daniel Lind-Ramos\" class=\"company-link\">Daniel Lind-Ramos<\/a>\u2019s work, well before his acclaimed exhibition at MoMA PS1 brought him broader institutional recognition.<\/p>\n<figure id=\"attachment_1610561\" aria-describedby=\"caption-attachment-1610561\" style=\"width: 970px\" class=\"wp-caption aligncenter\"><img loading=\"lazy\" decoding=\"async\" class=\"lazyload wp-image-1610561 size-full-width\" src=\"https:\/\/observer.com\/wp-content\/uploads\/sites\/2\/2026\/01\/EMBAJADA_RaquelPerezPuig_hires-1.jpg?quality=80&amp;w=970\" alt=\"Exterior view of a weathered two-story building with iron balconies, tiled roof details and an illuminated EMBAJADA sign beside an open entrance at dusk.\" width=\"970\" height=\"752\" srcset=\"https:\/\/observer.com\/wp-content\/uploads\/sites\/2\/2026\/01\/EMBAJADA_RaquelPerezPuig_hires-1.jpg 2000w, https:\/\/observer.com\/wp-content\/uploads\/sites\/2\/2026\/01\/EMBAJADA_RaquelPerezPuig_hires-1.jpg?resize=300,233 300w, https:\/\/observer.com\/wp-content\/uploads\/sites\/2\/2026\/01\/EMBAJADA_RaquelPerezPuig_hires-1.jpg?resize=768,596 768w, https:\/\/observer.com\/wp-content\/uploads\/sites\/2\/2026\/01\/EMBAJADA_RaquelPerezPuig_hires-1.jpg?resize=635,492 635w, https:\/\/observer.com\/wp-content\/uploads\/sites\/2\/2026\/01\/EMBAJADA_RaquelPerezPuig_hires-1.jpg?resize=1536,1191 1536w, https:\/\/observer.com\/wp-content\/uploads\/sites\/2\/2026\/01\/EMBAJADA_RaquelPerezPuig_hires-1.jpg?resize=970,752 970w, https:\/\/observer.com\/wp-content\/uploads\/sites\/2\/2026\/01\/EMBAJADA_RaquelPerezPuig_hires-1.jpg?resize=320,248 320w, https:\/\/observer.com\/wp-content\/uploads\/sites\/2\/2026\/01\/EMBAJADA_RaquelPerezPuig_hires-1.jpg?resize=1920,1489 1920w, https:\/\/observer.com\/wp-content\/uploads\/sites\/2\/2026\/01\/EMBAJADA_RaquelPerezPuig_hires-1.jpg?resize=50,39 50w\" sizes=\"auto, (max-width: 600px) 300px, 620px\"\/><img loading=\"lazy\" decoding=\"async\" class=\"lazyload wp-image-1610561 size-full-width\" src=\"https:\/\/observer.com\/wp-content\/uploads\/sites\/2\/2026\/01\/EMBAJADA_RaquelPerezPuig_hires-1.jpg?quality=80&amp;w=970\" alt=\"Exterior view of a weathered two-story building with iron balconies, tiled roof details and an illuminated EMBAJADA sign beside an open entrance at dusk.\" width=\"970\" height=\"752\" srcset=\"https:\/\/observer.com\/wp-content\/uploads\/sites\/2\/2026\/01\/EMBAJADA_RaquelPerezPuig_hires-1.jpg 2000w, https:\/\/observer.com\/wp-content\/uploads\/sites\/2\/2026\/01\/EMBAJADA_RaquelPerezPuig_hires-1.jpg?resize=300,233 300w, https:\/\/observer.com\/wp-content\/uploads\/sites\/2\/2026\/01\/EMBAJADA_RaquelPerezPuig_hires-1.jpg?resize=768,596 768w, https:\/\/observer.com\/wp-content\/uploads\/sites\/2\/2026\/01\/EMBAJADA_RaquelPerezPuig_hires-1.jpg?resize=635,492 635w, https:\/\/observer.com\/wp-content\/uploads\/sites\/2\/2026\/01\/EMBAJADA_RaquelPerezPuig_hires-1.jpg?resize=1536,1191 1536w, https:\/\/observer.com\/wp-content\/uploads\/sites\/2\/2026\/01\/EMBAJADA_RaquelPerezPuig_hires-1.jpg?resize=970,752 970w, https:\/\/observer.com\/wp-content\/uploads\/sites\/2\/2026\/01\/EMBAJADA_RaquelPerezPuig_hires-1.jpg?resize=320,248 320w, https:\/\/observer.com\/wp-content\/uploads\/sites\/2\/2026\/01\/EMBAJADA_RaquelPerezPuig_hires-1.jpg?resize=1920,1489 1920w, https:\/\/observer.com\/wp-content\/uploads\/sites\/2\/2026\/01\/EMBAJADA_RaquelPerezPuig_hires-1.jpg?resize=50,39 50w\" sizes=\"auto, (max-width: 600px) 300px, 620px\"\/><figcaption id=\"caption-attachment-1610561\" class=\"wp-caption-text\">For 20 years, EMBAJADA has served as a international platform for Puerto Rican contemporary art. <span class=\"media-credit\">Courtesy EMBAJADA, San Juan<\/span><\/figcaption><\/figure>\n<p>In 2022, EMBAJADA moved into a new permanent space in San Juan\u2019s Hato Rey district\u2014a historic house the founders were able to purchase just ahead of the post-pandemic surge in real estate prices. The timing proved critical, anchoring the institution locally while counteracting the displacement pressures now intensified by rampant gentrification across the city. \u201cThere\u2019s a new wave of colonization happening in Puerto Rico, sadly,\u201d Rivera told Observer in a recent interview, noting how the current context gives even deeper meaning to the gallery\u2019s name and mission. \u201cEMBAJADA is intentional. We are still a colony\u2014but we\u2019ve built our own embassy to represent Puerto Rican art and culture to the world.\u201d<\/p>\n<h3>El Kil\u00f3metro<\/h3>\n<p>Opening around the same time, in 2015, was another artist-run space, El Kil\u00f3metro, which has also played a central role over the past decade in defining and supporting a new generation of Puerto Rican art. Founded by artists <a href=\"https:\/\/observer.com\/person\/yiyo-tirado\/\" title=\"Yiyo Tirado\" class=\"company-link\">Yiyo Tirado<\/a> and <a href=\"https:\/\/observer.com\/person\/karlo-andrei-ibarra\/\" title=\"Karlo Andrei Ibarra\" class=\"company-link\">Karlo Andrei Ibarra<\/a>, El Kil\u00f3metro has operated from the outset as a non-commercial, nonprofit platform focused on exhibitions, residencies, public programs and research-driven projects. It often pairs the founders\u2019 own work with that of artists from their generation. The name signals both a conceptual and geographic point of departure\u2014a ground-zero site for rethinking artistic production from Puerto Rico outward, rather than filtering local practice through dominant Western frameworks.<\/p>\n<p>\u201cThe Puerto Rican art scene is highly dynamic and deeply grounded in self-management, a model we have long been accustomed to,\u201d Andrei Ibarra told Observer, noting that at a moment when museums and galleries were closing or undergoing institutional transitions, El Kil\u00f3metro emerged\u2014alongside other initiatives\u2014as a self-managed response to the lack of resources and the absence of platforms needed to sustain the ecosystem.<\/p>\n<figure id=\"attachment_1610984\" aria-describedby=\"caption-attachment-1610984\" style=\"width: 970px\" class=\"wp-caption aligncenter\"><img loading=\"lazy\" decoding=\"async\" class=\"lazyload wp-image-1610984 size-full-width\" src=\"https:\/\/observer.com\/wp-content\/uploads\/sites\/2\/2026\/01\/image2.jpeg?quality=80&amp;w=970\" alt=\"View of the Kil\u00f3metro bar interior, showing bartenders at work and visitors seated along the counter in a dimly lit, green-walled space.\" width=\"970\" height=\"647\" srcset=\"https:\/\/observer.com\/wp-content\/uploads\/sites\/2\/2026\/01\/image2.jpeg 6720w, https:\/\/observer.com\/wp-content\/uploads\/sites\/2\/2026\/01\/image2.jpeg?resize=300,200 300w, https:\/\/observer.com\/wp-content\/uploads\/sites\/2\/2026\/01\/image2.jpeg?resize=768,512 768w, https:\/\/observer.com\/wp-content\/uploads\/sites\/2\/2026\/01\/image2.jpeg?resize=635,423 635w, https:\/\/observer.com\/wp-content\/uploads\/sites\/2\/2026\/01\/image2.jpeg?resize=1536,1024 1536w, https:\/\/observer.com\/wp-content\/uploads\/sites\/2\/2026\/01\/image2.jpeg?resize=2048,1365 2048w, https:\/\/observer.com\/wp-content\/uploads\/sites\/2\/2026\/01\/image2.jpeg?resize=970,647 970w, https:\/\/observer.com\/wp-content\/uploads\/sites\/2\/2026\/01\/image2.jpeg?resize=320,213 320w, https:\/\/observer.com\/wp-content\/uploads\/sites\/2\/2026\/01\/image2.jpeg?resize=1920,1280 1920w, https:\/\/observer.com\/wp-content\/uploads\/sites\/2\/2026\/01\/image2.jpeg?resize=50,33 50w\" sizes=\"auto, (max-width: 600px) 300px, 620px\"\/><img loading=\"lazy\" decoding=\"async\" class=\"lazyload wp-image-1610984 size-full-width\" src=\"https:\/\/observer.com\/wp-content\/uploads\/sites\/2\/2026\/01\/image2.jpeg?quality=80&amp;w=970\" alt=\"View of the Kil\u00f3metro bar interior, showing bartenders at work and visitors seated along the counter in a dimly lit, green-walled space.\" width=\"970\" height=\"647\" srcset=\"https:\/\/observer.com\/wp-content\/uploads\/sites\/2\/2026\/01\/image2.jpeg 6720w, https:\/\/observer.com\/wp-content\/uploads\/sites\/2\/2026\/01\/image2.jpeg?resize=300,200 300w, https:\/\/observer.com\/wp-content\/uploads\/sites\/2\/2026\/01\/image2.jpeg?resize=768,512 768w, https:\/\/observer.com\/wp-content\/uploads\/sites\/2\/2026\/01\/image2.jpeg?resize=635,423 635w, https:\/\/observer.com\/wp-content\/uploads\/sites\/2\/2026\/01\/image2.jpeg?resize=1536,1024 1536w, https:\/\/observer.com\/wp-content\/uploads\/sites\/2\/2026\/01\/image2.jpeg?resize=2048,1365 2048w, https:\/\/observer.com\/wp-content\/uploads\/sites\/2\/2026\/01\/image2.jpeg?resize=970,647 970w, https:\/\/observer.com\/wp-content\/uploads\/sites\/2\/2026\/01\/image2.jpeg?resize=320,213 320w, https:\/\/observer.com\/wp-content\/uploads\/sites\/2\/2026\/01\/image2.jpeg?resize=1920,1280 1920w, https:\/\/observer.com\/wp-content\/uploads\/sites\/2\/2026\/01\/image2.jpeg?resize=50,33 50w\" sizes=\"auto, (max-width: 600px) 300px, 620px\"\/><figcaption id=\"caption-attachment-1610984\" class=\"wp-caption-text\">El Kil\u00f3metro is a platform for research and critical thinking around contemporary artistic practices in Puerto Rico, the Caribbean and Latin America. <span class=\"media-credit\">\u00a9El Kil\u00f3metro<\/span><\/figcaption><\/figure>\n<p>On view during our visit was \u201cAM\u00c9RICA INFINITA | UNA D\u00c9CADA DE KIL\u00d3METRO,\u201d a 10-year anniversary exhibition celebrating the gallery\u2019s trajectory and bringing together a diverse chorus of voices from both inside and outside Puerto Rico who made the project possible. The show also functioned as a tribute to shared experiences and to the community that has grown around the space. As the title suggests, the exhibition embraces an idea of America not as a fragmented territory, but as one defined by a rich plurality of histories, cultural expressions and voices.<\/p>\n<p>Today, El Kil\u00f3metro intentionally occupies a hybrid format, combining its exhibition space with Bar 0. As Ibarra explained, the idea emerged from observing how exhibitions often naturally spill into after-parties\u2014so why not combine the two? \u201cArt and cocktail culture are closely connected, but beyond that, this format fundamentally expands the audience, which was something that concerned us,\u201d he said. Some visitors arrive for the exhibitions and stay for the bar, where conversations around ideas, projects and collaborations unfold; others come primarily for the social atmosphere and unexpectedly encounter strong artistic proposals by local and international artists. \u201cThis synergy is important and emerges from the intersection of both cultures and interests.\u201d<\/p>\n<figure id=\"attachment_1610981\" aria-describedby=\"caption-attachment-1610981\" style=\"width: 970px\" class=\"wp-caption aligncenter\"><img loading=\"lazy\" decoding=\"async\" class=\"lazyload wp-image-1610981 size-full-width\" src=\"https:\/\/observer.com\/wp-content\/uploads\/sites\/2\/2026\/01\/DSCF4705.jpg?quality=80&amp;w=970\" alt=\"Installation view at Kil\u00f3metro featuring framed artworks mounted on a dark green wall with curatorial text introducing the exhibition \u201cAM\u00c9RICA INFINITA.\u201d\" width=\"970\" height=\"647\" srcset=\"https:\/\/observer.com\/wp-content\/uploads\/sites\/2\/2026\/01\/DSCF4705.jpg 2048w, https:\/\/observer.com\/wp-content\/uploads\/sites\/2\/2026\/01\/DSCF4705.jpg?resize=300,200 300w, https:\/\/observer.com\/wp-content\/uploads\/sites\/2\/2026\/01\/DSCF4705.jpg?resize=768,512 768w, https:\/\/observer.com\/wp-content\/uploads\/sites\/2\/2026\/01\/DSCF4705.jpg?resize=635,423 635w, https:\/\/observer.com\/wp-content\/uploads\/sites\/2\/2026\/01\/DSCF4705.jpg?resize=1536,1024 1536w, https:\/\/observer.com\/wp-content\/uploads\/sites\/2\/2026\/01\/DSCF4705.jpg?resize=970,647 970w, https:\/\/observer.com\/wp-content\/uploads\/sites\/2\/2026\/01\/DSCF4705.jpg?resize=320,213 320w, https:\/\/observer.com\/wp-content\/uploads\/sites\/2\/2026\/01\/DSCF4705.jpg?resize=1920,1280 1920w, https:\/\/observer.com\/wp-content\/uploads\/sites\/2\/2026\/01\/DSCF4705.jpg?resize=50,33 50w\" sizes=\"auto, (max-width: 600px) 300px, 620px\"\/><img loading=\"lazy\" decoding=\"async\" class=\"lazyload wp-image-1610981 size-full-width\" src=\"https:\/\/observer.com\/wp-content\/uploads\/sites\/2\/2026\/01\/DSCF4705.jpg?quality=80&amp;w=970\" alt=\"Installation view at Kil\u00f3metro featuring framed artworks mounted on a dark green wall with curatorial text introducing the exhibition \u201cAM\u00c9RICA INFINITA.\u201d\" width=\"970\" height=\"647\" srcset=\"https:\/\/observer.com\/wp-content\/uploads\/sites\/2\/2026\/01\/DSCF4705.jpg 2048w, https:\/\/observer.com\/wp-content\/uploads\/sites\/2\/2026\/01\/DSCF4705.jpg?resize=300,200 300w, https:\/\/observer.com\/wp-content\/uploads\/sites\/2\/2026\/01\/DSCF4705.jpg?resize=768,512 768w, https:\/\/observer.com\/wp-content\/uploads\/sites\/2\/2026\/01\/DSCF4705.jpg?resize=635,423 635w, https:\/\/observer.com\/wp-content\/uploads\/sites\/2\/2026\/01\/DSCF4705.jpg?resize=1536,1024 1536w, https:\/\/observer.com\/wp-content\/uploads\/sites\/2\/2026\/01\/DSCF4705.jpg?resize=970,647 970w, https:\/\/observer.com\/wp-content\/uploads\/sites\/2\/2026\/01\/DSCF4705.jpg?resize=320,213 320w, https:\/\/observer.com\/wp-content\/uploads\/sites\/2\/2026\/01\/DSCF4705.jpg?resize=1920,1280 1920w, https:\/\/observer.com\/wp-content\/uploads\/sites\/2\/2026\/01\/DSCF4705.jpg?resize=50,33 50w\" sizes=\"auto, (max-width: 600px) 300px, 620px\"\/><figcaption id=\"caption-attachment-1610981\" class=\"wp-caption-text\">Installation view: \u201cAM\u00c9RICA INFINITA | UNA D\u00c9CADA DE KIL\u00d3METRO\u201d at El Kil\u00f3metro. <span class=\"media-credit\">\u00a9El Kil\u00f3metro<\/span><\/figcaption><\/figure>\n<p>More recently, El Kil\u00f3metro has begun participating in fairsincluding NADA, Untitled and Pinta Lima, operating more overtly as a gallery while maintaining a strong emphasis on experimentation and artistic production. One reason for its close relationship with artists is that both founders are artists themselves. \u201cThat allows us to understand their needs and engage with them on equal footing,\u201d Ibarra reflected. Beyond sales, one of the gallery\u2019s primary concerns is connecting artists with projects and institutions that can support their long-term development. \u201cOne of the challenges we all face\u2014and I say this as an artist\u2014is visibility,\u201d he said, underscoring how the Puerto Rican art community still lacks sufficient institutional infrastructure to facilitate sustained international recognition and make artistic practice viable as a full-time endeavor.<\/p>\n<p>Many curators and museum directors do visit Puerto Rico, Ibarra noted, but they often engage with a small, recurring group of artists rather than the broader ecosystem. \u201cI believe this needs to change. There are countless artists and strong artistic proposals here that are well worth exploring.\u201d<\/p>\n<h3>SABROSO!<\/h3>\n<p>When we visited, El Kil\u00f3metro\u2019s second space\u2014largely occupied by artist studios\u2014was hosting a capsule exhibition by Sabroso!, a curatorial platform formally launched in 2017 by <a href=\"https:\/\/observer.com\/person\/antonio-del-valle\/\" title=\"Antonio Del Valle\" class=\"company-link\">Antonio Del Valle<\/a> with artists <a href=\"https:\/\/observer.com\/person\/hernan-ayala-tirado\/\" title=\"Hern\u00e1n Ayala Tirado\" class=\"company-link\">Hern\u00e1n Ayala Tirado<\/a> and <a href=\"https:\/\/observer.com\/person\/larissa-de-jesus-negron\/\" title=\"Larissa De Jes\u00fas Negr\u00f3n\" class=\"company-link\">Larissa De Jes\u00fas Negr\u00f3n<\/a>. The project, however, grew out of an earlier initiative: Flightcult, a gallery Del Valle operated from 2012 to 2016 in half of his mother\u2019s beauty salon in Hato Rey. In response to the lack of space to fully develop his curatorial practice or build community, Del Valle converted the front of the salon into a gallery while the business continued to operate in the back, creating a much-needed platform for emerging local artists at a time when the area had only two galleries.<\/p>\n<figure id=\"attachment_1610978\" aria-describedby=\"caption-attachment-1610978\" style=\"width: 970px\" class=\"wp-caption aligncenter\"><img loading=\"lazy\" decoding=\"async\" class=\"lazyload wp-image-1610978 size-full-width\" src=\"https:\/\/observer.com\/wp-content\/uploads\/sites\/2\/2026\/01\/Papelon-Inagural-Exhibition-2025-Puerto-Rico.jpg?quality=80&amp;w=970\" alt=\"A gallery room with pink and blue painted walls presents framed works arranged asymmetrically, with a sculptural paint intervention peeling from the wall.\" width=\"970\" height=\"546\" srcset=\"https:\/\/observer.com\/wp-content\/uploads\/sites\/2\/2026\/01\/Papelon-Inagural-Exhibition-2025-Puerto-Rico.jpg 5801w, https:\/\/observer.com\/wp-content\/uploads\/sites\/2\/2026\/01\/Papelon-Inagural-Exhibition-2025-Puerto-Rico.jpg?resize=300,169 300w, https:\/\/observer.com\/wp-content\/uploads\/sites\/2\/2026\/01\/Papelon-Inagural-Exhibition-2025-Puerto-Rico.jpg?resize=768,432 768w, https:\/\/observer.com\/wp-content\/uploads\/sites\/2\/2026\/01\/Papelon-Inagural-Exhibition-2025-Puerto-Rico.jpg?resize=635,357 635w, https:\/\/observer.com\/wp-content\/uploads\/sites\/2\/2026\/01\/Papelon-Inagural-Exhibition-2025-Puerto-Rico.jpg?resize=1536,864 1536w, https:\/\/observer.com\/wp-content\/uploads\/sites\/2\/2026\/01\/Papelon-Inagural-Exhibition-2025-Puerto-Rico.jpg?resize=2048,1152 2048w, https:\/\/observer.com\/wp-content\/uploads\/sites\/2\/2026\/01\/Papelon-Inagural-Exhibition-2025-Puerto-Rico.jpg?resize=970,546 970w, https:\/\/observer.com\/wp-content\/uploads\/sites\/2\/2026\/01\/Papelon-Inagural-Exhibition-2025-Puerto-Rico.jpg?resize=320,180 320w, https:\/\/observer.com\/wp-content\/uploads\/sites\/2\/2026\/01\/Papelon-Inagural-Exhibition-2025-Puerto-Rico.jpg?resize=1920,1080 1920w, https:\/\/observer.com\/wp-content\/uploads\/sites\/2\/2026\/01\/Papelon-Inagural-Exhibition-2025-Puerto-Rico.jpg?resize=50,28 50w\" sizes=\"auto, (max-width: 600px) 300px, 620px\"\/><img loading=\"lazy\" decoding=\"async\" class=\"lazyload wp-image-1610978 size-full-width\" src=\"https:\/\/observer.com\/wp-content\/uploads\/sites\/2\/2026\/01\/Papelon-Inagural-Exhibition-2025-Puerto-Rico.jpg?quality=80&amp;w=970\" alt=\"A gallery room with pink and blue painted walls presents framed works arranged asymmetrically, with a sculptural paint intervention peeling from the wall.\" width=\"970\" height=\"546\" srcset=\"https:\/\/observer.com\/wp-content\/uploads\/sites\/2\/2026\/01\/Papelon-Inagural-Exhibition-2025-Puerto-Rico.jpg 5801w, https:\/\/observer.com\/wp-content\/uploads\/sites\/2\/2026\/01\/Papelon-Inagural-Exhibition-2025-Puerto-Rico.jpg?resize=300,169 300w, https:\/\/observer.com\/wp-content\/uploads\/sites\/2\/2026\/01\/Papelon-Inagural-Exhibition-2025-Puerto-Rico.jpg?resize=768,432 768w, https:\/\/observer.com\/wp-content\/uploads\/sites\/2\/2026\/01\/Papelon-Inagural-Exhibition-2025-Puerto-Rico.jpg?resize=635,357 635w, https:\/\/observer.com\/wp-content\/uploads\/sites\/2\/2026\/01\/Papelon-Inagural-Exhibition-2025-Puerto-Rico.jpg?resize=1536,864 1536w, https:\/\/observer.com\/wp-content\/uploads\/sites\/2\/2026\/01\/Papelon-Inagural-Exhibition-2025-Puerto-Rico.jpg?resize=2048,1152 2048w, https:\/\/observer.com\/wp-content\/uploads\/sites\/2\/2026\/01\/Papelon-Inagural-Exhibition-2025-Puerto-Rico.jpg?resize=970,546 970w, https:\/\/observer.com\/wp-content\/uploads\/sites\/2\/2026\/01\/Papelon-Inagural-Exhibition-2025-Puerto-Rico.jpg?resize=320,180 320w, https:\/\/observer.com\/wp-content\/uploads\/sites\/2\/2026\/01\/Papelon-Inagural-Exhibition-2025-Puerto-Rico.jpg?resize=1920,1080 1920w, https:\/\/observer.com\/wp-content\/uploads\/sites\/2\/2026\/01\/Papelon-Inagural-Exhibition-2025-Puerto-Rico.jpg?resize=50,28 50w\" sizes=\"auto, (max-width: 600px) 300px, 620px\"\/><figcaption id=\"caption-attachment-1610978\" class=\"wp-caption-text\">Installation view: \u201cPapelo\u0301n,\u201d the inaugural 2025 exhibition at Sabroso! <span class=\"media-credit\">Sabroso!<\/span><\/figcaption><\/figure>\n<p>Supported through grassroots fundraising\u2014including car washes and pool parties\u2014Flightcult became a vital incubator for artists who later thrived. One of its final exhibitions, \u201cSabroso Nostalgic,\u201d inspired the name of Del Valle\u2019s subsequent project. Today, Sabroso! operates as an inherently collaborative collective focused on democratizing art through exhibitions, an online shop and nomadic, curated experiences that amplify the voices of Puerto Rican, Caribbean and international artists.<\/p>\n<p>\u201cSabroso focuses on building bridges\u2014bringing artists based outside Puerto Rico into dialogue with local artists while nurturing the talent already here,\u201d De Jes\u00fas Negr\u00f3n told Observer. After establishing her career in New York, she returned to Puerto Rico last year with Del Valle, who is also her partner, to care for ill relatives. \u201cI had always hoped to return, but I wasn\u2019t sure sustaining a full-time artistic practice on the island would be possible. After nearly two years here, I feel a sense of purpose I hadn\u2019t experienced before.\u201d<\/p>\n<figure id=\"attachment_1610980\" aria-describedby=\"caption-attachment-1610980\" style=\"width: 970px\" class=\"wp-caption aligncenter\"><img loading=\"lazy\" decoding=\"async\" class=\"lazyload wp-image-1610980 size-full-width\" src=\"https:\/\/observer.com\/wp-content\/uploads\/sites\/2\/2026\/01\/Becoming-water-.jpg?quality=80&amp;w=970\" alt=\"A mural shows a transparent human figure seated in dense tropical vegetation, reaching toward a waterfall amid layered jungle foliage.\" width=\"970\" height=\"463\" srcset=\"https:\/\/observer.com\/wp-content\/uploads\/sites\/2\/2026\/01\/Becoming-water-.jpg 9892w, https:\/\/observer.com\/wp-content\/uploads\/sites\/2\/2026\/01\/Becoming-water-.jpg?resize=300,143 300w, https:\/\/observer.com\/wp-content\/uploads\/sites\/2\/2026\/01\/Becoming-water-.jpg?resize=768,366 768w, https:\/\/observer.com\/wp-content\/uploads\/sites\/2\/2026\/01\/Becoming-water-.jpg?resize=635,303 635w, https:\/\/observer.com\/wp-content\/uploads\/sites\/2\/2026\/01\/Becoming-water-.jpg?resize=1536,733 1536w, https:\/\/observer.com\/wp-content\/uploads\/sites\/2\/2026\/01\/Becoming-water-.jpg?resize=2048,977 2048w, https:\/\/observer.com\/wp-content\/uploads\/sites\/2\/2026\/01\/Becoming-water-.jpg?resize=970,463 970w, https:\/\/observer.com\/wp-content\/uploads\/sites\/2\/2026\/01\/Becoming-water-.jpg?resize=320,153 320w, https:\/\/observer.com\/wp-content\/uploads\/sites\/2\/2026\/01\/Becoming-water-.jpg?resize=1920,916 1920w, https:\/\/observer.com\/wp-content\/uploads\/sites\/2\/2026\/01\/Becoming-water-.jpg?resize=50,24 50w\" sizes=\"auto, (max-width: 600px) 300px, 620px\"\/><img loading=\"lazy\" decoding=\"async\" class=\"lazyload wp-image-1610980 size-full-width\" src=\"https:\/\/observer.com\/wp-content\/uploads\/sites\/2\/2026\/01\/Becoming-water-.jpg?quality=80&amp;w=970\" alt=\"A mural shows a transparent human figure seated in dense tropical vegetation, reaching toward a waterfall amid layered jungle foliage.\" width=\"970\" height=\"463\" srcset=\"https:\/\/observer.com\/wp-content\/uploads\/sites\/2\/2026\/01\/Becoming-water-.jpg 9892w, https:\/\/observer.com\/wp-content\/uploads\/sites\/2\/2026\/01\/Becoming-water-.jpg?resize=300,143 300w, https:\/\/observer.com\/wp-content\/uploads\/sites\/2\/2026\/01\/Becoming-water-.jpg?resize=768,366 768w, https:\/\/observer.com\/wp-content\/uploads\/sites\/2\/2026\/01\/Becoming-water-.jpg?resize=635,303 635w, https:\/\/observer.com\/wp-content\/uploads\/sites\/2\/2026\/01\/Becoming-water-.jpg?resize=1536,733 1536w, https:\/\/observer.com\/wp-content\/uploads\/sites\/2\/2026\/01\/Becoming-water-.jpg?resize=2048,977 2048w, https:\/\/observer.com\/wp-content\/uploads\/sites\/2\/2026\/01\/Becoming-water-.jpg?resize=970,463 970w, https:\/\/observer.com\/wp-content\/uploads\/sites\/2\/2026\/01\/Becoming-water-.jpg?resize=320,153 320w, https:\/\/observer.com\/wp-content\/uploads\/sites\/2\/2026\/01\/Becoming-water-.jpg?resize=1920,916 1920w, https:\/\/observer.com\/wp-content\/uploads\/sites\/2\/2026\/01\/Becoming-water-.jpg?resize=50,24 50w\" sizes=\"auto, (max-width: 600px) 300px, 620px\"\/><figcaption id=\"caption-attachment-1610980\" class=\"wp-caption-text\">Larissa De Jes\u00fas Negr\u00f3n, <em>Becoming Water<\/em>, 2024. Oil on canvas, 40 x 90 in. <span class=\"media-credit\">Courtesy to the Artist<\/span><\/figcaption><\/figure>\n<p>The move reconnected her with the colors and energy of the Caribbean, now central to her work. \u201cWhat once felt nostalgic has become documentation,\u201d she reflected. \u201cNatural life now sits at the center of my compositions.\u201d She noted a broader post-pandemic shift in Puerto Rican art toward introspection and personal history, while also acknowledging persistent structural challenges. \u201cMany artist-led spaces operate with care and commitment, yet face burnout due to limited funding,\u201d she said, calling for institutions\u2014both on and off the island\u2014to recognize Puerto Rican culture beyond narratives of trauma. \u201cArtists here are redefining what Puerto Rican art can be through complex stories of resilience and imagination that still haven\u2019t been fully embraced.\u201d<\/p>\n<h3>Martes de Galer\u00eda<\/h3>\n<p>A new initiative\u2014once again driven by artists\u2014is now attempting to provide a connective platform for San Juan\u2019s fragmented art ecosystem, creating opportunities for cross-promotion while expanding accessibility and community engagement beyond the local art world. Now in its fourth edition, Martes de Galer\u00eda functions both as a monthly event, during which galleries and spaces remain open late into the evening, and as a connective tool linking projects, initiatives and audiences\u2014offering visibility to an entire scene that has long operated in parallel rather than in unison.<\/p>\n<figure id=\"attachment_1610976\" aria-describedby=\"caption-attachment-1610976\" style=\"width: 970px\" class=\"wp-caption aligncenter\"><img loading=\"lazy\" decoding=\"async\" class=\"lazyload wp-image-1610976 size-full-width\" src=\"https:\/\/observer.com\/wp-content\/uploads\/sites\/2\/2026\/01\/PHOTO-2026-01-14-19-09-24-2.jpg?quality=80&amp;w=970\" alt=\"A crowded bar interior in San Juan shows patrons gathered shoulder to shoulder beneath warm hanging lights, with shelves of liquor bottles lining the walls.\" width=\"970\" height=\"727\" srcset=\"https:\/\/observer.com\/wp-content\/uploads\/sites\/2\/2026\/01\/PHOTO-2026-01-14-19-09-24-2.jpg 1455w, https:\/\/observer.com\/wp-content\/uploads\/sites\/2\/2026\/01\/PHOTO-2026-01-14-19-09-24-2.jpg?resize=300,225 300w, https:\/\/observer.com\/wp-content\/uploads\/sites\/2\/2026\/01\/PHOTO-2026-01-14-19-09-24-2.jpg?resize=768,576 768w, https:\/\/observer.com\/wp-content\/uploads\/sites\/2\/2026\/01\/PHOTO-2026-01-14-19-09-24-2.jpg?resize=635,476 635w, https:\/\/observer.com\/wp-content\/uploads\/sites\/2\/2026\/01\/PHOTO-2026-01-14-19-09-24-2.jpg?resize=970,727 970w, https:\/\/observer.com\/wp-content\/uploads\/sites\/2\/2026\/01\/PHOTO-2026-01-14-19-09-24-2.jpg?resize=320,240 320w, https:\/\/observer.com\/wp-content\/uploads\/sites\/2\/2026\/01\/PHOTO-2026-01-14-19-09-24-2.jpg?resize=50,37 50w\" sizes=\"auto, (max-width: 600px) 300px, 620px\"\/><img loading=\"lazy\" decoding=\"async\" class=\"lazyload wp-image-1610976 size-full-width\" src=\"https:\/\/observer.com\/wp-content\/uploads\/sites\/2\/2026\/01\/PHOTO-2026-01-14-19-09-24-2.jpg?quality=80&amp;w=970\" alt=\"A crowded bar interior in San Juan shows patrons gathered shoulder to shoulder beneath warm hanging lights, with shelves of liquor bottles lining the walls.\" width=\"970\" height=\"727\" srcset=\"https:\/\/observer.com\/wp-content\/uploads\/sites\/2\/2026\/01\/PHOTO-2026-01-14-19-09-24-2.jpg 1455w, https:\/\/observer.com\/wp-content\/uploads\/sites\/2\/2026\/01\/PHOTO-2026-01-14-19-09-24-2.jpg?resize=300,225 300w, https:\/\/observer.com\/wp-content\/uploads\/sites\/2\/2026\/01\/PHOTO-2026-01-14-19-09-24-2.jpg?resize=768,576 768w, https:\/\/observer.com\/wp-content\/uploads\/sites\/2\/2026\/01\/PHOTO-2026-01-14-19-09-24-2.jpg?resize=635,476 635w, https:\/\/observer.com\/wp-content\/uploads\/sites\/2\/2026\/01\/PHOTO-2026-01-14-19-09-24-2.jpg?resize=970,727 970w, https:\/\/observer.com\/wp-content\/uploads\/sites\/2\/2026\/01\/PHOTO-2026-01-14-19-09-24-2.jpg?resize=320,240 320w, https:\/\/observer.com\/wp-content\/uploads\/sites\/2\/2026\/01\/PHOTO-2026-01-14-19-09-24-2.jpg?resize=50,37 50w\" sizes=\"auto, (max-width: 600px) 300px, 620px\"\/><figcaption id=\"caption-attachment-1610976\" class=\"wp-caption-text\">On the first Tuesday of every month, Martes De Galeria promotes art galleries, artists and local small businesses. <span class=\"media-credit\">\u00a9 2025 Martes de Galer\u00eda.<\/span><\/figcaption><\/figure>\n<p>Tuesday was deliberately chosen, explains <a href=\"https:\/\/observer.com\/person\/javi-olmeda\/\" title=\"Javi Olmeda\" class=\"company-link\">Javi Olmeda<\/a>, a local artist who runs the initiative with his partner, <a href=\"https:\/\/observer.com\/person\/alexis-figueroa\/\" title=\"Alexis Figueroa\" class=\"company-link\">Alexis Figueroa<\/a>. It is the least busy day for cultural events, he notes, whereas weekends are already oversaturated. At the same time, the decision reactivates an older tradition dating back 20 or 30 years, when galleries in Old San Juan would open simultaneously on the first Tuesday of each month. \u201cPeople would move from space to space, and it became a staple event for nearly 15 years before slowly fading from public consciousness,\u201d Olmeda recalled. \u201cWhat we\u2019re doing now is reviving that idea, but instead of Old San Juan, we\u2019re activating Santurce, which is really the city\u2019s contemporary arts district and a more urban cultural zone.\u201d<\/p>\n<p>At first glance, art spaces in Puerto Rico can feel widely dispersed, lacking a clearly defined district. Martes de Galer\u00eda has helped identify\u2014and actively build\u2014that sense of community, with nearly a dozen galleries and studios now participating across Santurce and more spaces actively seeking to join. \u201cEach space brings its own audience, so we start expanding our bubbles\u2014your followers, my followers, other people\u2019s followers\u2014all gathering in the same area at the same time,\u201d Olmeda explained<\/p>\n<p>While a few commercial or more traditional galleries are involved, he added, most participants are artist-run spaces and working studios. \u201cThat allows for a much more intimate experience. Artists open their studios for the day, and visitors can see how they work and what they\u2019re working on. It becomes a very enriching, educational experience.\u201d Scrolling through the project\u2019s Instagram or visiting its website already offers a living map of a growing network of spaces in San Juan and beyond. Both virtual and printed maps are updated with each edition as participation continues to expand. The map of the latest event\u2014already the fifth since the launch\u2014included more than 20 spaces, spanning galleries and art residencies like San Juan 721, Galer\u00eda Manifiesto = Arte, Recinto Cerra, Olmeda\u2019s woodwork space and studio Constructo, as well as several artists\u2019 studios and roughly 25 local restaurants and bars.<\/p>\n<figure id=\"attachment_1610977\" aria-describedby=\"caption-attachment-1610977\" style=\"width: 970px\" class=\"wp-caption aligncenter\"><img loading=\"lazy\" decoding=\"async\" class=\"lazyload wp-image-1610977 size-full-width\" src=\"https:\/\/observer.com\/wp-content\/uploads\/sites\/2\/2026\/01\/PHOTO-2026-01-14-19-09-24.jpg?quality=80&amp;w=970\" alt=\"A wide view of the same bar reveals a lively nighttime crowd standing and seated around the illuminated counter in a converted industrial space.\" width=\"970\" height=\"728\" srcset=\"https:\/\/observer.com\/wp-content\/uploads\/sites\/2\/2026\/01\/PHOTO-2026-01-14-19-09-24.jpg 1600w, https:\/\/observer.com\/wp-content\/uploads\/sites\/2\/2026\/01\/PHOTO-2026-01-14-19-09-24.jpg?resize=300,225 300w, https:\/\/observer.com\/wp-content\/uploads\/sites\/2\/2026\/01\/PHOTO-2026-01-14-19-09-24.jpg?resize=768,576 768w, https:\/\/observer.com\/wp-content\/uploads\/sites\/2\/2026\/01\/PHOTO-2026-01-14-19-09-24.jpg?resize=635,476 635w, https:\/\/observer.com\/wp-content\/uploads\/sites\/2\/2026\/01\/PHOTO-2026-01-14-19-09-24.jpg?resize=1536,1152 1536w, https:\/\/observer.com\/wp-content\/uploads\/sites\/2\/2026\/01\/PHOTO-2026-01-14-19-09-24.jpg?resize=970,728 970w, https:\/\/observer.com\/wp-content\/uploads\/sites\/2\/2026\/01\/PHOTO-2026-01-14-19-09-24.jpg?resize=320,240 320w, https:\/\/observer.com\/wp-content\/uploads\/sites\/2\/2026\/01\/PHOTO-2026-01-14-19-09-24.jpg?resize=50,38 50w\" sizes=\"auto, (max-width: 600px) 300px, 620px\"\/><img loading=\"lazy\" decoding=\"async\" class=\"lazyload wp-image-1610977 size-full-width\" src=\"https:\/\/observer.com\/wp-content\/uploads\/sites\/2\/2026\/01\/PHOTO-2026-01-14-19-09-24.jpg?quality=80&amp;w=970\" alt=\"A wide view of the same bar reveals a lively nighttime crowd standing and seated around the illuminated counter in a converted industrial space.\" width=\"970\" height=\"728\" srcset=\"https:\/\/observer.com\/wp-content\/uploads\/sites\/2\/2026\/01\/PHOTO-2026-01-14-19-09-24.jpg 1600w, https:\/\/observer.com\/wp-content\/uploads\/sites\/2\/2026\/01\/PHOTO-2026-01-14-19-09-24.jpg?resize=300,225 300w, https:\/\/observer.com\/wp-content\/uploads\/sites\/2\/2026\/01\/PHOTO-2026-01-14-19-09-24.jpg?resize=768,576 768w, https:\/\/observer.com\/wp-content\/uploads\/sites\/2\/2026\/01\/PHOTO-2026-01-14-19-09-24.jpg?resize=635,476 635w, https:\/\/observer.com\/wp-content\/uploads\/sites\/2\/2026\/01\/PHOTO-2026-01-14-19-09-24.jpg?resize=1536,1152 1536w, https:\/\/observer.com\/wp-content\/uploads\/sites\/2\/2026\/01\/PHOTO-2026-01-14-19-09-24.jpg?resize=970,728 970w, https:\/\/observer.com\/wp-content\/uploads\/sites\/2\/2026\/01\/PHOTO-2026-01-14-19-09-24.jpg?resize=320,240 320w, https:\/\/observer.com\/wp-content\/uploads\/sites\/2\/2026\/01\/PHOTO-2026-01-14-19-09-24.jpg?resize=50,38 50w\" sizes=\"auto, (max-width: 600px) 300px, 620px\"\/><figcaption id=\"caption-attachment-1610977\" class=\"wp-caption-text\">Martes de Galer\u00eda is is as much about culture, urbanism and mobility as it is about art. <span class=\"media-credit\">\u00a9 2025 Martes de Galer\u00eda<\/span><\/figcaption><\/figure>\n<p>Martes de Galer\u00eda\u2019s programming is not limited to visual art. Theater companies, designers, and architects are also integrated into the program, bringing together multiple creative communities in a single cultural moment. When we spoke, the January edition had taken place the night before, and Olmeda enthusiastically cited attendance in the thousands. \u201cThe whole thing has grown very organically,\u201d he said. \u201cWe are a nonprofit organization, but our role is really about coordination\u2014working with each gallery, artist and business that wants to be involved.\u201d<\/p>\n<p>The project, he emphasizes, is as much about culture, urbanism and mobility as it is about art. \u201cWe\u2019re introducing an innovative model that moves people between venues using a trolley bus. Otherwise, you\u2019d have to walk long distances or pass through areas that people still perceive as unsafe. Addressing that stigma is very much part of the project.\u201d<\/p>\n<p>Martes de Galer\u00eda also operates as a tool for urban recovery and development. The team has conducted urban surveys\u2014documenting and mapping parts of the city in a process akin to architectural walkthroughs. \u201cWe\u2019ll go to specific buildings and look at their histories, how they were constructed and how they relate to the city and our culture,\u201d Olmeda said. \u201cThat adds another educational layer to the project, alongside the cultural and social dimensions.\u201d Over time, he argued, this can translate into tangible improvements such as better lighting, increased security and enhanced pedestrian accessibility\u2014real opportunities to convert cultural activity into physical change.<\/p>\n<p>Martes de Galer\u00eda is already laying the groundwork for what could become a larger art week. \u201cThat\u2019s what the island needs\u2014to attract international professionals and create more opportunities for exchange within and beyond Puerto Rico,\u201d Olmeda said. \u201cIt also brings tourists, making it a win-win for artists, for the community and eventually for the municipality, once it begins to integrate with the project.\u201d<\/p>\n<figure id=\"attachment_1610975\" aria-describedby=\"caption-attachment-1610975\" style=\"width: 970px\" class=\"wp-caption aligncenter\"><img loading=\"lazy\" decoding=\"async\" class=\"lazyload wp-image-1610975 size-full-width\" src=\"https:\/\/observer.com\/wp-content\/uploads\/sites\/2\/2026\/01\/PHOTO-2026-01-14-19-02-19.jpg?quality=80&amp;w=970\" alt=\"A social gathering unfolds inside an artist studio, where people stand around a central table drinking beer and viewing colorful abstract paintings on the walls.\" width=\"970\" height=\"646\" srcset=\"https:\/\/observer.com\/wp-content\/uploads\/sites\/2\/2026\/01\/PHOTO-2026-01-14-19-02-19.jpg 1600w, https:\/\/observer.com\/wp-content\/uploads\/sites\/2\/2026\/01\/PHOTO-2026-01-14-19-02-19.jpg?resize=300,200 300w, https:\/\/observer.com\/wp-content\/uploads\/sites\/2\/2026\/01\/PHOTO-2026-01-14-19-02-19.jpg?resize=768,512 768w, https:\/\/observer.com\/wp-content\/uploads\/sites\/2\/2026\/01\/PHOTO-2026-01-14-19-02-19.jpg?resize=635,423 635w, https:\/\/observer.com\/wp-content\/uploads\/sites\/2\/2026\/01\/PHOTO-2026-01-14-19-02-19.jpg?resize=1536,1023 1536w, https:\/\/observer.com\/wp-content\/uploads\/sites\/2\/2026\/01\/PHOTO-2026-01-14-19-02-19.jpg?resize=970,646 970w, https:\/\/observer.com\/wp-content\/uploads\/sites\/2\/2026\/01\/PHOTO-2026-01-14-19-02-19.jpg?resize=320,213 320w, https:\/\/observer.com\/wp-content\/uploads\/sites\/2\/2026\/01\/PHOTO-2026-01-14-19-02-19.jpg?resize=50,33 50w\" sizes=\"auto, (max-width: 600px) 300px, 620px\"\/><img loading=\"lazy\" decoding=\"async\" class=\"lazyload wp-image-1610975 size-full-width\" src=\"https:\/\/observer.com\/wp-content\/uploads\/sites\/2\/2026\/01\/PHOTO-2026-01-14-19-02-19.jpg?quality=80&amp;w=970\" alt=\"A social gathering unfolds inside an artist studio, where people stand around a central table drinking beer and viewing colorful abstract paintings on the walls.\" width=\"970\" height=\"646\" srcset=\"https:\/\/observer.com\/wp-content\/uploads\/sites\/2\/2026\/01\/PHOTO-2026-01-14-19-02-19.jpg 1600w, https:\/\/observer.com\/wp-content\/uploads\/sites\/2\/2026\/01\/PHOTO-2026-01-14-19-02-19.jpg?resize=300,200 300w, https:\/\/observer.com\/wp-content\/uploads\/sites\/2\/2026\/01\/PHOTO-2026-01-14-19-02-19.jpg?resize=768,512 768w, https:\/\/observer.com\/wp-content\/uploads\/sites\/2\/2026\/01\/PHOTO-2026-01-14-19-02-19.jpg?resize=635,423 635w, https:\/\/observer.com\/wp-content\/uploads\/sites\/2\/2026\/01\/PHOTO-2026-01-14-19-02-19.jpg?resize=1536,1023 1536w, https:\/\/observer.com\/wp-content\/uploads\/sites\/2\/2026\/01\/PHOTO-2026-01-14-19-02-19.jpg?resize=970,646 970w, https:\/\/observer.com\/wp-content\/uploads\/sites\/2\/2026\/01\/PHOTO-2026-01-14-19-02-19.jpg?resize=320,213 320w, https:\/\/observer.com\/wp-content\/uploads\/sites\/2\/2026\/01\/PHOTO-2026-01-14-19-02-19.jpg?resize=50,33 50w\" sizes=\"auto, (max-width: 600px) 300px, 620px\"\/><figcaption id=\"caption-attachment-1610975\" class=\"wp-caption-text\">Many artists\u2019 studios are open during the event. <span class=\"media-credit\">\u00a9 2025 Martes de Galer\u00eda<\/span><\/figcaption><\/figure>\n<p>\u201cThere has always been a scene in Puerto Rico; the island has been very prolific in the arts,\u201d Olmeda added. But artists and spaces often worked in parallel, without coming together to form a collective ecosystem. \u201cThere was a need for coordination, for someone to organize across artists, producers, galleries and institutions like museums and cultural centers. We\u2019re trying to respond to that need.\u201d<\/p>\n<h3>Pillars of institutional support<\/h3>\n<p>Today, most of the forces driving the Puerto Rican art scene come from the artists themselves. But this was not always the case. Since the 1950s, when the island established its Constitution and formal government, there has been a strong emphasis on culture as a pillar of public life, initially focused on preservation and cultural identity. This early commitment helps explain why Old San Juan is today one of the best-preserved colonial cities in the world. Puerto Rico, in fact, created a centralized cultural institution well before comparable federal structures in the mainland U.S.: the Instituto de Cultura Puertorrique\u00f1a was founded in 1955 with a mandate to research, preserve, promote, enrich and disseminate Puerto Rican cultural values and heritage, spanning archaeology, historic preservation, music, visual arts, traditional arts and museums.<\/p>\n<p>As the island continues to grapple with the consequences of its public debt crisis, public funding for cultural institutions has steadily contracted. Many organizations have been forced to pivot toward private fundraising, philanthropy and U.S.-style gala models in order to sustain their programs.<\/p>\n<figure id=\"attachment_1611005\" aria-describedby=\"caption-attachment-1611005\" style=\"width: 970px\" class=\"wp-caption aligncenter\"><img loading=\"lazy\" decoding=\"async\" class=\"lazyload wp-image-1611005 size-full-width\" src=\"https:\/\/observer.com\/wp-content\/uploads\/sites\/2\/2026\/01\/Museo_de_Arte_3.jpg?quality=80&amp;w=970\" alt=\"A white building with a black and whiet murales covering the facade.\" width=\"970\" height=\"662\" srcset=\"https:\/\/observer.com\/wp-content\/uploads\/sites\/2\/2026\/01\/Museo_de_Arte_3.jpg 2561w, https:\/\/observer.com\/wp-content\/uploads\/sites\/2\/2026\/01\/Museo_de_Arte_3.jpg?resize=300,205 300w, https:\/\/observer.com\/wp-content\/uploads\/sites\/2\/2026\/01\/Museo_de_Arte_3.jpg?resize=768,524 768w, https:\/\/observer.com\/wp-content\/uploads\/sites\/2\/2026\/01\/Museo_de_Arte_3.jpg?resize=635,434 635w, https:\/\/observer.com\/wp-content\/uploads\/sites\/2\/2026\/01\/Museo_de_Arte_3.jpg?resize=1536,1049 1536w, https:\/\/observer.com\/wp-content\/uploads\/sites\/2\/2026\/01\/Museo_de_Arte_3.jpg?resize=2048,1399 2048w, https:\/\/observer.com\/wp-content\/uploads\/sites\/2\/2026\/01\/Museo_de_Arte_3.jpg?resize=970,662 970w, https:\/\/observer.com\/wp-content\/uploads\/sites\/2\/2026\/01\/Museo_de_Arte_3.jpg?resize=320,219 320w, https:\/\/observer.com\/wp-content\/uploads\/sites\/2\/2026\/01\/Museo_de_Arte_3.jpg?resize=1920,1311 1920w, https:\/\/observer.com\/wp-content\/uploads\/sites\/2\/2026\/01\/Museo_de_Arte_3.jpg?resize=50,34 50w\" sizes=\"auto, (max-width: 600px) 300px, 620px\"\/><img loading=\"lazy\" decoding=\"async\" class=\"lazyload wp-image-1611005 size-full-width\" src=\"https:\/\/observer.com\/wp-content\/uploads\/sites\/2\/2026\/01\/Museo_de_Arte_3.jpg?quality=80&amp;w=970\" alt=\"A white building with a black and whiet murales covering the facade.\" width=\"970\" height=\"662\" srcset=\"https:\/\/observer.com\/wp-content\/uploads\/sites\/2\/2026\/01\/Museo_de_Arte_3.jpg 2561w, https:\/\/observer.com\/wp-content\/uploads\/sites\/2\/2026\/01\/Museo_de_Arte_3.jpg?resize=300,205 300w, https:\/\/observer.com\/wp-content\/uploads\/sites\/2\/2026\/01\/Museo_de_Arte_3.jpg?resize=768,524 768w, https:\/\/observer.com\/wp-content\/uploads\/sites\/2\/2026\/01\/Museo_de_Arte_3.jpg?resize=635,434 635w, https:\/\/observer.com\/wp-content\/uploads\/sites\/2\/2026\/01\/Museo_de_Arte_3.jpg?resize=1536,1049 1536w, https:\/\/observer.com\/wp-content\/uploads\/sites\/2\/2026\/01\/Museo_de_Arte_3.jpg?resize=2048,1399 2048w, https:\/\/observer.com\/wp-content\/uploads\/sites\/2\/2026\/01\/Museo_de_Arte_3.jpg?resize=970,662 970w, https:\/\/observer.com\/wp-content\/uploads\/sites\/2\/2026\/01\/Museo_de_Arte_3.jpg?resize=320,219 320w, https:\/\/observer.com\/wp-content\/uploads\/sites\/2\/2026\/01\/Museo_de_Arte_3.jpg?resize=1920,1311 1920w, https:\/\/observer.com\/wp-content\/uploads\/sites\/2\/2026\/01\/Museo_de_Arte_3.jpg?resize=50,34 50w\" sizes=\"auto, (max-width: 600px) 300px, 620px\"\/><figcaption id=\"caption-attachment-1611005\" class=\"wp-caption-text\">The Museo de Arte de Puerto Rico. <span class=\"media-credit\">Courtesy Museo de Arte de Puerto Rico<\/span><\/figcaption><\/figure>\n<p>Among the must-see museums in San Juan is the Museo de Arte de Puerto Rico, located in Santurce. Housed in a striking building with gardens and outdoor public art, the museum holds a more traditional collection centered on Puerto Rican art from the 17th Century to the present, while also situating it within broader Caribbean and global contexts. Another key institution is the Museo de Arte Contempor\u00e1neo de Puerto Rico (MAC), which opened in 1984 inside a former public school in Santurce. Rather than focusing on blockbuster exhibitions or a static collection, MAC has built its identity around commissions, site-specific projects and sustained dialogue with Latin America and the Caribbean. For many years, under the curatorial leadership of <a href=\"https:\/\/observer.com\/person\/marina-reyes-franco\/\" title=\"Marina Reyes Franco\" class=\"company-link\">Marina Reyes Franco<\/a>, the museum decisively shifted toward experimental, process-driven practices, positioning Puerto Rican artists in conversation with regional and international peers while remaining deeply grounded in local contexts. When we visited, MAC was hosting \u201cTr\u00f3pico Agridulce (Bittersweet Tropics),\u201d a thoughtful, collection-based group exhibition exploring the politics of food in the Caribbean through works that address agriculture, trade and ancestral knowledge. Also on view was \u201cCaribe por venir [Caribbean-Yet-To-Come],\u201d curated by <a href=\"https:\/\/observer.com\/person\/arnaldo-rodriguez-bague\/\" title=\"Arnaldo Rodr\u00edguez Bagu\u00e9\" class=\"company-link\">Arnaldo Rodr\u00edguez Bagu\u00e9<\/a>, a research-driven platform that examines the relationships between performance, ancestral traditions, territory and materiality in contemporary Caribbean art.<\/p>\n<figure id=\"attachment_1611007\" aria-describedby=\"caption-attachment-1611007\" style=\"width: 970px\" class=\"wp-caption aligncenter\"><img loading=\"lazy\" decoding=\"async\" class=\"lazyload wp-image-1611007 size-full-width\" src=\"https:\/\/observer.com\/wp-content\/uploads\/sites\/2\/2026\/01\/MAC-Interior-11-copy.jpg?quality=80&amp;w=970\" alt=\"Courtyand of a museum red bricks and palms. \" width=\"970\" height=\"502\" srcset=\"https:\/\/observer.com\/wp-content\/uploads\/sites\/2\/2026\/01\/MAC-Interior-11-copy.jpg 1360w, https:\/\/observer.com\/wp-content\/uploads\/sites\/2\/2026\/01\/MAC-Interior-11-copy.jpg?resize=300,155 300w, https:\/\/observer.com\/wp-content\/uploads\/sites\/2\/2026\/01\/MAC-Interior-11-copy.jpg?resize=768,398 768w, https:\/\/observer.com\/wp-content\/uploads\/sites\/2\/2026\/01\/MAC-Interior-11-copy.jpg?resize=635,329 635w, https:\/\/observer.com\/wp-content\/uploads\/sites\/2\/2026\/01\/MAC-Interior-11-copy.jpg?resize=970,502 970w, https:\/\/observer.com\/wp-content\/uploads\/sites\/2\/2026\/01\/MAC-Interior-11-copy.jpg?resize=320,166 320w, https:\/\/observer.com\/wp-content\/uploads\/sites\/2\/2026\/01\/MAC-Interior-11-copy.jpg?resize=50,26 50w\" sizes=\"auto, (max-width: 600px) 300px, 620px\"\/><img loading=\"lazy\" decoding=\"async\" class=\"lazyload wp-image-1611007 size-full-width\" src=\"https:\/\/observer.com\/wp-content\/uploads\/sites\/2\/2026\/01\/MAC-Interior-11-copy.jpg?quality=80&amp;w=970\" alt=\"Courtyand of a museum red bricks and palms. \" width=\"970\" height=\"502\" srcset=\"https:\/\/observer.com\/wp-content\/uploads\/sites\/2\/2026\/01\/MAC-Interior-11-copy.jpg 1360w, https:\/\/observer.com\/wp-content\/uploads\/sites\/2\/2026\/01\/MAC-Interior-11-copy.jpg?resize=300,155 300w, https:\/\/observer.com\/wp-content\/uploads\/sites\/2\/2026\/01\/MAC-Interior-11-copy.jpg?resize=768,398 768w, https:\/\/observer.com\/wp-content\/uploads\/sites\/2\/2026\/01\/MAC-Interior-11-copy.jpg?resize=635,329 635w, https:\/\/observer.com\/wp-content\/uploads\/sites\/2\/2026\/01\/MAC-Interior-11-copy.jpg?resize=970,502 970w, https:\/\/observer.com\/wp-content\/uploads\/sites\/2\/2026\/01\/MAC-Interior-11-copy.jpg?resize=320,166 320w, https:\/\/observer.com\/wp-content\/uploads\/sites\/2\/2026\/01\/MAC-Interior-11-copy.jpg?resize=50,26 50w\" sizes=\"auto, (max-width: 600px) 300px, 620px\"\/><figcaption id=\"caption-attachment-1611007\" class=\"wp-caption-text\">The Museo de Arte Contempor\u00e1neo de Puerto Rico (MAC). <span class=\"media-credit\">RACHID MOLINARY | Museo de Arte Contempor\u00e1neo de Puerto Rico (MAC)<\/span><\/figcaption><\/figure>\n<p>MAC has also been among the museums most adept at adapting to post-bankruptcy realities. As government support diminished, the institution developed private fundraising strategies, international partnerships and donor-backed initiatives\u2014including acquisition prizes supported by corporate and philanthropic partners\u2014to sustain its programming and grow its collection.<\/p>\n<p>Another cornerstone of Puerto Rico\u2019s cultural landscape is the Museo de Arte de Ponce, which houses one of the most distinguished art collections in the Caribbean and the Americas, comprising roughly 4,500 works spanning six centuries, from the 16th century to the present. The museum is particularly renowned for the quality of its European holdings, especially Victorian and Pre-Raphaelite works, as well as for its role in elevating Puerto Rican and Caribbean art internationally. Founded in 1959 by philanthropist and later governor <a href=\"https:\/\/observer.com\/person\/luis-a-ferre\/\" title=\"Luis A. Ferr\u00e9\" class=\"company-link\">Luis A. Ferr\u00e9<\/a>, and relocated to its Edward Durell Stone-designed building in 1965, the museum has remained closed since 2020 following severe earthquake damage. During this period, its collection has continued to circulate through loans, traveling exhibitions and collaborations with major museums across the U.S. and abroad, with a small selection currently on view at the Museo de Arte de Puerto Rico.<\/p>\n<p>As the chronic lack of public funding continues to limit opportunities for large-scale public and urban commissions, ARTEYUNQUE\u2014now in its third edition\u2014has emerged as a rare and vital exception on the island. Developed in collaboration with the U.S. Forest Service, the program supports ambitious, site-specific commissions within El Yunque National Forest, a sacred Ta\u00edno site and the only tropical rainforest in the U.S. National Forest System. Today, <a href=\"https:\/\/observer.com\/2026\/01\/arteyunque-el-yunque-puerto-rico-art-ecology\/\">ARTEYUNQUE operates as a living laboratory for sustainability, ecological awareness and community engagement<\/a>, offering Puerto Rican artists, performers, musicians and poets one of the island\u2019s few platforms for publicly supported commissions and long-term visibility, while reimagining how contemporary art can exist in dialogue with nature rather than in opposition to it.<\/p>\n<figure id=\"attachment_1609958\" aria-describedby=\"caption-attachment-1609958\" style=\"width: 970px\" class=\"wp-caption aligncenter\"><img loading=\"lazy\" decoding=\"async\" class=\"lazyload wp-image-1609958 size-full-width\" src=\"https:\/\/observer.com\/wp-content\/uploads\/sites\/2\/2026\/01\/01_Gisela-Colon.jpg?quality=80&amp;w=970\" alt=\"A monolithic green iridescent sculpture emerges from dense vegetation under a cloudy sky.\" width=\"970\" height=\"647\" srcset=\"https:\/\/observer.com\/wp-content\/uploads\/sites\/2\/2026\/01\/01_Gisela-Colon.jpg 6240w, https:\/\/observer.com\/wp-content\/uploads\/sites\/2\/2026\/01\/01_Gisela-Colon.jpg?resize=300,200 300w, https:\/\/observer.com\/wp-content\/uploads\/sites\/2\/2026\/01\/01_Gisela-Colon.jpg?resize=768,512 768w, https:\/\/observer.com\/wp-content\/uploads\/sites\/2\/2026\/01\/01_Gisela-Colon.jpg?resize=635,423 635w, https:\/\/observer.com\/wp-content\/uploads\/sites\/2\/2026\/01\/01_Gisela-Colon.jpg?resize=1536,1024 1536w, https:\/\/observer.com\/wp-content\/uploads\/sites\/2\/2026\/01\/01_Gisela-Colon.jpg?resize=2048,1365 2048w, https:\/\/observer.com\/wp-content\/uploads\/sites\/2\/2026\/01\/01_Gisela-Colon.jpg?resize=970,647 970w, https:\/\/observer.com\/wp-content\/uploads\/sites\/2\/2026\/01\/01_Gisela-Colon.jpg?resize=320,213 320w, https:\/\/observer.com\/wp-content\/uploads\/sites\/2\/2026\/01\/01_Gisela-Colon.jpg?resize=1920,1280 1920w, https:\/\/observer.com\/wp-content\/uploads\/sites\/2\/2026\/01\/01_Gisela-Colon.jpg?resize=50,33 50w\" sizes=\"auto, (max-width: 600px) 300px, 620px\"\/><img loading=\"lazy\" decoding=\"async\" class=\"lazyload wp-image-1609958 size-full-width\" src=\"https:\/\/observer.com\/wp-content\/uploads\/sites\/2\/2026\/01\/01_Gisela-Colon.jpg?quality=80&amp;w=970\" alt=\"A monolithic green iridescent sculpture emerges from dense vegetation under a cloudy sky.\" width=\"970\" height=\"647\" srcset=\"https:\/\/observer.com\/wp-content\/uploads\/sites\/2\/2026\/01\/01_Gisela-Colon.jpg 6240w, https:\/\/observer.com\/wp-content\/uploads\/sites\/2\/2026\/01\/01_Gisela-Colon.jpg?resize=300,200 300w, https:\/\/observer.com\/wp-content\/uploads\/sites\/2\/2026\/01\/01_Gisela-Colon.jpg?resize=768,512 768w, https:\/\/observer.com\/wp-content\/uploads\/sites\/2\/2026\/01\/01_Gisela-Colon.jpg?resize=635,423 635w, https:\/\/observer.com\/wp-content\/uploads\/sites\/2\/2026\/01\/01_Gisela-Colon.jpg?resize=1536,1024 1536w, https:\/\/observer.com\/wp-content\/uploads\/sites\/2\/2026\/01\/01_Gisela-Colon.jpg?resize=2048,1365 2048w, https:\/\/observer.com\/wp-content\/uploads\/sites\/2\/2026\/01\/01_Gisela-Colon.jpg?resize=970,647 970w, https:\/\/observer.com\/wp-content\/uploads\/sites\/2\/2026\/01\/01_Gisela-Colon.jpg?resize=320,213 320w, https:\/\/observer.com\/wp-content\/uploads\/sites\/2\/2026\/01\/01_Gisela-Colon.jpg?resize=1920,1280 1920w, https:\/\/observer.com\/wp-content\/uploads\/sites\/2\/2026\/01\/01_Gisela-Colon.jpg?resize=50,33 50w\" sizes=\"auto, (max-width: 600px) 300px, 620px\"\/><figcaption id=\"caption-attachment-1609958\" class=\"wp-caption-text\">For its third exhibition, ArteYUNQUE installed art on the Science and Conservation Trail in El Yunque National Forest. <span class=\"media-credit\">Courtesy ArteYUNQUE | Photo Adriana V\u00e1zquez Acevedo<\/span><\/figcaption><\/figure>\n<p>\t\t\t\t<img decoding=\"async\" itemprop=\"image\" src=\"https:\/\/observer.com\/wp-content\/uploads\/sites\/2\/2026\/01\/IMG_9097.jpg?quality=80&amp;w=970\" alt=\"San Juan\u2019s Artists Are Shaping Puerto Rico\u2019s Cultural Future One Space at a Time\" style=\"display:none;width:0;\"\/><\/p><\/div>\n<p><script>\n\t!function(f,b,e,v,n,t,s)\n\t{if(f.fbq)return;n=f.fbq=function(){n.callMethod?\n\t\tn.callMethod.apply(n,arguments):n.queue.push(arguments)};\n\t\tif(!f._fbq)f._fbq=n;n.push=n;n.loaded=!0;n.version='2.0';\n\t\tn.queue=[];t=b.createElement(e);t.async=!0;\n\t\tt.src=v;s=b.getElementsByTagName(e)[0];\n\t\ts.parentNode.insertBefore(t,s)}(window, document,'script',\n\t\t'https:\/\/connect.facebook.net\/en_US\/fbevents.js');\n\tfbq('init', '618909876214345');\n\tfbq('track', 'PageView');\n<\/script><\/p>\n","protected":false},"excerpt":{"rendered":"<p>Larissa De Jes\u00fas Negr\u00f3n, Abundance of choices that lead to change, 2025. 40 x 70 in, in progress in the artist\u2019s San Juan studio. Courtesy of the artist Bad Bunny\u2014and reggaeton more broadly\u2014has undeniably helped bring Puerto Rico and its culture back to the center of the international stage. After becoming the most-streamed artist globally [&hellip;]<\/p>\n","protected":false},"author":1,"featured_media":20604,"comment_status":"open","ping_status":"open","sticky":false,"template":"","format":"standard","meta":{"tdm_status":"","tdm_grid_status":"","footnotes":""},"categories":[10],"tags":[],"class_list":{"0":"post-20603","1":"post","2":"type-post","3":"status-publish","4":"format-standard","5":"has-post-thumbnail","7":"category-usa-news"},"_links":{"self":[{"href":"https:\/\/nationalgunowner.org\/index.php\/wp-json\/wp\/v2\/posts\/20603","targetHints":{"allow":["GET"]}}],"collection":[{"href":"https:\/\/nationalgunowner.org\/index.php\/wp-json\/wp\/v2\/posts"}],"about":[{"href":"https:\/\/nationalgunowner.org\/index.php\/wp-json\/wp\/v2\/types\/post"}],"author":[{"embeddable":true,"href":"https:\/\/nationalgunowner.org\/index.php\/wp-json\/wp\/v2\/users\/1"}],"replies":[{"embeddable":true,"href":"https:\/\/nationalgunowner.org\/index.php\/wp-json\/wp\/v2\/comments?post=20603"}],"version-history":[{"count":1,"href":"https:\/\/nationalgunowner.org\/index.php\/wp-json\/wp\/v2\/posts\/20603\/revisions"}],"predecessor-version":[{"id":20605,"href":"https:\/\/nationalgunowner.org\/index.php\/wp-json\/wp\/v2\/posts\/20603\/revisions\/20605"}],"wp:featuredmedia":[{"embeddable":true,"href":"https:\/\/nationalgunowner.org\/index.php\/wp-json\/wp\/v2\/media\/20604"}],"wp:attachment":[{"href":"https:\/\/nationalgunowner.org\/index.php\/wp-json\/wp\/v2\/media?parent=20603"}],"wp:term":[{"taxonomy":"category","embeddable":true,"href":"https:\/\/nationalgunowner.org\/index.php\/wp-json\/wp\/v2\/categories?post=20603"},{"taxonomy":"post_tag","embeddable":true,"href":"https:\/\/nationalgunowner.org\/index.php\/wp-json\/wp\/v2\/tags?post=20603"}],"curies":[{"name":"wp","href":"https:\/\/api.w.org\/{rel}","templated":true}]}}