{"id":20611,"date":"2026-01-26T23:08:31","date_gmt":"2026-01-26T23:08:31","guid":{"rendered":"https:\/\/nationalgunowner.org\/index.php\/2026\/01\/26\/observers-february-2026-art-fair-calendar\/"},"modified":"2026-01-26T23:08:34","modified_gmt":"2026-01-26T23:08:34","slug":"observers-february-2026-art-fair-calendar","status":"publish","type":"post","link":"https:\/\/nationalgunowner.org\/index.php\/2026\/01\/26\/observers-february-2026-art-fair-calendar\/","title":{"rendered":"Observer\u2019s February 2026 Art Fair Calendar"},"content":{"rendered":"<div itemprop=\"articleBody\">\n<figure id=\"attachment_1526812\" aria-describedby=\"caption-attachment-1526812\" style=\"width: 970px\" class=\"wp-caption aligncenter\"><a href=\"https:\/\/observer.com\/2025\/01\/arts-interviews-feria-material-founder-brett-w-schultz\/dsc04381\/\" rel=\"attachment wp-att-1526812\" data-lasso-id=\"2679076\"><\/a><figcaption id=\"caption-attachment-1526812\" class=\"wp-caption-text\">Visitors at Feria Material in 2024 looking at Yvette Mayorga\u2019s work. <span class=\"media-credit\">Photo by Ana Karen Morales. Courtesy of Material<\/span><\/figcaption><\/figure>\n<p>This year\u2019s February art fair calendar offers an embarrassment of riches, with <a href=\"https:\/\/observer.com\/company\/zonamaco\/\" title=\"ZONAMACO\" class=\"company-link\">ZONAMACO<\/a> leading the pack early in the month and <a href=\"https:\/\/observer.com\/company\/frieze\/\" title=\"Frieze\" class=\"company-link\">Frieze<\/a> and its orbit of satellite fairs closing it out. Beyond those hotspots, there are art fairs in Bologna, Gstaad, Paris, London and New York, though, of course, the big news is the inaugural edition of Art Basel Qatar in Doha. There was some uncertainty about the fate of the fair after an<a href=\"https:\/\/observer.com\/2025\/09\/politics-news-art-basel-qatar-doha-airstrike-israel-cultural-diplomacy\/\" data-lasso-id=\"2898011\"> Israeli airstrike on Doha in September 2025<\/a> threatened Qatar\u2019s claimed neutrality and led many to wonder if it would be safe or reasonable to host a major international art event in the region. But just a month later, Art Basel announced the fair\u2019s lineup.<\/p>\n<section class=\"wp-block-observer-newsletters observer-newsletters--in-content\">\n<\/section>\n<p>As Observer\u2019s Elisa Carollo wrote earlier this month, \u201c<a href=\"https:\/\/observer.com\/2026\/01\/fair-calendar-mexico-city-art-week-art-basel-doha-frieze-los-angeles-2026\/\" data-lasso-id=\"2898013\">February\u2019s cultural calendar is packed with options<\/a>; collectors choosing between them should carefully consider their personal priorities.\u201d When the choices are Mexico City, Doha or L.A., not to mention Marrakech and India, globe-trotting collectors may just have a tough time sticking to a budget with this many art fairs on the calendar.<\/p>\n<h2><b>The February 2026 Art Fairs<\/b><\/h2>\n<h3>ZONAMACO 2026<\/h3>\n<p>February 4-8<\/p>\n<p>Founded in 2004, <a target=\"_blank\" rel=\"noopener\" href=\"https:\/\/zsonamaco.com\/\" data-lasso-id=\"2898015\">ZONAMACO<\/a> has been pivotal in the Mexican art scene\u2019s meteoric rise to become a cornerstone of the broader Latin American art world. The Mexico City fair\u2014the largest in Latin America\u2014is actually several fairs: <a href=\"https:\/\/observer.com\/2024\/02\/interview-zelika-garcia-zonamaco-founder\/\" data-lasso-id=\"2898017\">Z\u00e9lika Garc\u00eda initially founded Zona Maco Arte Contempor\u00e1neo in 2003<\/a>, then Sal\u00f3n del Anticuario in 2014 and Zona Maco Foto in 2015. There\u2019s also Zona Maco Dise\u00f1o, dedicated to furniture, jewelry, textiles and decorative objects, alongside limited editions and historical pieces. Now in its 22nd iteration, ZONAMACO\u2019s 2026 edition will assemble 228 galleries from 26 countries across its main and curated sections. One section not to miss\u2014especially if discovery is your priority\u2014is EJES, dedicated to emerging talent from Mexico and the wider region. Curated by Buenos Aires\u2013based <a href=\"https:\/\/observer.com\/person\/aime-iglesias-lukin\/\" title=\"Aim\u00e9 Iglesias Lukin\" class=\"company-link\">Aim\u00e9 Iglesias Lukin<\/a>, EJES brings together galleries, hybrid spaces, and independent projects responding to this year\u2019s theme of \u201cexchange.\u201d<\/p>\n<figure id=\"attachment_1402319\" aria-describedby=\"caption-attachment-1402319\" style=\"width: 970px\" class=\"wp-caption aligncenter\"><a href=\"https:\/\/observer.com\/2024\/02\/interview-zelika-garcia-zonamaco-founder\/zm-2002\/\" rel=\"attachment wp-att-1402319\" data-lasso-id=\"2679086\"><img loading=\"lazy\" decoding=\"async\" class=\"lazyload size-full-width wp-image-1402319\" src=\"https:\/\/observer.com\/wp-content\/uploads\/sites\/2\/2024\/02\/ZM-2002.jpg?quality=80&amp;w=970\" alt=\"An overhead view of a busy art fair.\" width=\"970\" height=\"574\" srcset=\"https:\/\/observer.com\/wp-content\/uploads\/sites\/2\/2024\/02\/ZM-2002.jpg 1178w, https:\/\/observer.com\/wp-content\/uploads\/sites\/2\/2024\/02\/ZM-2002.jpg?resize=300,178 300w, https:\/\/observer.com\/wp-content\/uploads\/sites\/2\/2024\/02\/ZM-2002.jpg?resize=768,454 768w, https:\/\/observer.com\/wp-content\/uploads\/sites\/2\/2024\/02\/ZM-2002.jpg?resize=635,376 635w, https:\/\/observer.com\/wp-content\/uploads\/sites\/2\/2024\/02\/ZM-2002.jpg?resize=970,574 970w, https:\/\/observer.com\/wp-content\/uploads\/sites\/2\/2024\/02\/ZM-2002.jpg?resize=320,189 320w, https:\/\/observer.com\/wp-content\/uploads\/sites\/2\/2024\/02\/ZM-2002.jpg?resize=50,30 50w\" sizes=\"auto, (max-width: 600px) 300px, 620px\"\/><img loading=\"lazy\" decoding=\"async\" class=\"lazyload size-full-width wp-image-1402319\" src=\"https:\/\/observer.com\/wp-content\/uploads\/sites\/2\/2024\/02\/ZM-2002.jpg?quality=80&amp;w=970\" alt=\"An overhead view of a busy art fair.\" width=\"970\" height=\"574\" srcset=\"https:\/\/observer.com\/wp-content\/uploads\/sites\/2\/2024\/02\/ZM-2002.jpg 1178w, https:\/\/observer.com\/wp-content\/uploads\/sites\/2\/2024\/02\/ZM-2002.jpg?resize=300,178 300w, https:\/\/observer.com\/wp-content\/uploads\/sites\/2\/2024\/02\/ZM-2002.jpg?resize=768,454 768w, https:\/\/observer.com\/wp-content\/uploads\/sites\/2\/2024\/02\/ZM-2002.jpg?resize=635,376 635w, https:\/\/observer.com\/wp-content\/uploads\/sites\/2\/2024\/02\/ZM-2002.jpg?resize=970,574 970w, https:\/\/observer.com\/wp-content\/uploads\/sites\/2\/2024\/02\/ZM-2002.jpg?resize=320,189 320w, https:\/\/observer.com\/wp-content\/uploads\/sites\/2\/2024\/02\/ZM-2002.jpg?resize=50,30 50w\" sizes=\"auto, (max-width: 600px) 300px, 620px\"\/><\/a><figcaption id=\"caption-attachment-1402319\" class=\"wp-caption-text\">ZONAMACO in 2022. <span class=\"media-credit\">Courtesy of ZsONAMACO<\/span><\/figcaption><\/figure>\n<h3>Affordable Art Fair Brussels 2026<\/h3>\n<p>February 4-8<\/p>\n<p><a href=\"https:\/\/observer.com\/person\/will-ramsay\/\" title=\"Will Ramsay\" class=\"company-link\">Will Ramsay<\/a>\u2019s <a target=\"_blank\" rel=\"noopener\" href=\"https:\/\/affordableartfair.com\/fairs\/brussels\/\" data-lasso-id=\"2898020\">Affordable Art Fair<\/a> was initially launched in London in 1999 with a mission of democratizing the art market by making contemporary art accessible and affordable to a wider audience. Today, Affordable Art Fair Brussels, now in its 17th edition, offers a diverse array of artworks to collectors and art lovers, including paintings, sculpture and photography, with prices capped to ensure the fair actually delivers on its stated goal of <a href=\"https:\/\/observer.com\/2018\/03\/observer-editors-discuss-affordable-art-fair-favorites\/\" data-lasso-id=\"2898021\">art market affordability<\/a>. While Affordable Art Fair fairs don\u2019t typically feature \u201ccelebrity\u201d artists, it has become a significant platform for emerging artists and galleries to gain exposure and connect with new collectors. The fair\u2019s accessible approach has played a key role in changing perceptions about art collecting, making it inclusive and approachable.<\/p>\n<h3>Art Basel Qatar 2026<\/h3>\n<p>February 5-7<\/p>\n<p>A whopping 87 galleries will each present one artist in the inaugural Qatar edition of Art Basel led by artistic director and artist <a href=\"https:\/\/observer.com\/person\/wael-shawky\/\" title=\"Wael Shawky\" class=\"company-link\">Wael Shawky<\/a>. Unfolding across two key cultural venues\u2014M7 and the Doha Design District\u2014as well as selected public sites in Msheireb Downtown Doha, the city\u2019s creative and cultural hub, Art Basel Qatar will depart from the traditional fair model to embrace a more fluid, artist-led and curatorial-centered format where artists\u2019 works will be in dialogue, resonating with and responding to the central theme of \u201cBecoming.\u201d The fair aims to \u201cconnect talent from across the region with our global network and create new opportunities for the international market at all levels, and the strong interest we received from a diversity of galleries helped us to achieve this,\u201d chief artistic officer <a href=\"https:\/\/observer.com\/person\/vincenzo-de-bellis\/\" title=\"Vincenzo de Bellis\" class=\"company-link\">Vincenzo de Bellis<\/a> said when Observer reached out for comment. \u201cWith more than half of all artists hailing from the region and 16 galleries showing with us for the first time, Art Basel Qatar promises to be an energizing new event for the market.\u201d<\/p>\n<h3>1-54 Marrakech 2026<\/h3>\n<p>February 5-8<\/p>\n<p><a target=\"_blank\" rel=\"noopener\" href=\"https:\/\/www.1-54.com\/marrakech\/\" data-lasso-id=\"2898023\">1-54 Marrakech<\/a> is one of just a few fairs focused on contemporary African art and was established in 2018 as an extension of its London and New York editions, which are similarly named after the 54 nations that constitute the African continent. Held annually in Marrakech, Morocco, the fair is curated by <a href=\"https:\/\/observer.com\/person\/touria-el-glaoui\/\" title=\"Touria El Glaoui\" class=\"company-link\">Touria El Glaoui<\/a> and typically hosts around 20 galleries featuring a mix of established and emerging artists. 1-54 Marrakech has been much lauded for its emphasis on cultural dialogue and education, offering a series of talks, panels and artist-led events alongside the exhibition. The fair\u2019s unique setup, distributed between La Mamounia and DaDa, and its granular focus make it a significant event in the international art calendar; its ongoing popularity is a testament to the growing interest in African contemporary art.<\/p>\n<h3>Sal\u00f3n ACME 2026<\/h3>\n<p>February 5-8<\/p>\n<p>Since its launch in 2013, <a target=\"_blank\" rel=\"noopener\" href=\"https:\/\/salonacme.com\/en\" data-lasso-id=\"2898025\">Sal\u00f3n ACME<\/a> in Mexico City has become a hot ticket for emerging artists, a proving ground for curators and an unpretentious alternative to the sleek, hyper-commercial gloss of the blue-chip circuit. Built by artists for artists, the usual power structures get rearranged at this fair\u2014galleries don\u2019t dictate the agenda, and collectors don\u2019t call the shots. Instead, a rotating Curatorial Board sifts through open-call submissions, ensuring each year\u2019s main exhibition reflects a dynamic cross-section of fresh new-to-you talent. Six distinct sections ensure every inch of Proyectos P\u00fablicos feels fluid and engaging: <i>Estado<\/i> shines a spotlight on a different Mexican state each year; <i>Bodega<\/i> delivers a tightly curated group show led by a national or international curator; <i>Patio<\/i> puts large-scale installations into the central courtyard; <i>Projects<\/i> showcases galleries, independent spaces and residency programs through focused solo artist presentations; and <i>Sala<\/i> takes an unexpected literary detour, offering a curated selection of rare books and special publications.<\/p>\n<h3>India Art Fair 2026<\/h3>\n<p>February 5-8<\/p>\n<p><a target=\"_blank\" rel=\"noopener\" href=\"https:\/\/indiaartfair.in\/\" data-lasso-id=\"2898027\">India Art Fair<\/a>, held annually in New Delhi, is a leading platform for modern and contemporary art in South Asia, showcasing a rich panorama of regional art alongside international works. Since its founding in 2008 by <a href=\"https:\/\/observer.com\/person\/sunil-gautam\/\" title=\"Sunil Gautam\" class=\"company-link\">Sunil Gautam<\/a>, the fair (previously known as India Art Summit) has become a pivotal cultural event in the region, highlighting the vibrant art scene of India and the subcontinent. The fair\u2019s emphasis is on South Asian art, offering a unique insight into the region\u2019s artistic developments and trends. But India Art Fair isn\u2019t just an exhibition space but also a forum for cultural exchange, with a program of curated walks, talks and interactive workshops that highlight the diversity and vibrancy of the South Asia art scene. Think of it as a critical gateway for understanding and engaging with the world of South Asian art\u2014something more collectors, art professionals and enthusiasts should do.<\/p>\n<h3>Feria Material 2026<\/h3>\n<p>February 8-11<\/p>\n<p><a target=\"_blank\" rel=\"noopener\" href=\"https:\/\/material-fair.com\/platform\/feria-material-vol-10\/\" data-lasso-id=\"2898029\">Feria Material<\/a> began as a pop-up showcase of \u201craw\u201d local talent, but in just a few years, it has cemented itself as a must-visit fair for those hunting for works by emerging artists and forward-thinking galleries. More than just a counterpart to ZONAMACO, it offers a tightly curated, intimate experience that collectors have come to cherish\u2014an incubator for fresh conversations and relentless artistic experimentation. What sets Feria Material apart is its sharp curatorial vision and financial accessibility, with some of the lowest participation fees in the industry, allowing exhibitors to take risks and push boundaries. Now in its 12th edition, the fair returns to Expo Reforma in Mexico City\u2019s buzzing Ju\u00e1rez neighborhood during Mexico City Art Week with a lineup of experimental and dynamic galleries from Mexico and beyond. \u201cFrom the outset, <a href=\"https:\/\/observer.com\/2025\/01\/arts-interviews-feria-material-founder-brett-w-schultz\/\" data-lasso-id=\"2898031\">the intention with Material was always to complement ZONAMACO<\/a>\u2026 one that offers a more intimate and focused experience,\u201d founder Brett W. Schultz told Observer in 2025. \u201cThe human scale that we offer has been fundamental to ensuring that every exhibitor and visitor feels like they\u2019re part of a meaningful, relevant and coherent conversation.\u201d<\/p>\n<h3>Intersect Palm Springs 2026<\/h3>\n<p>February 12-16<\/p>\n<p><a target=\"_blank\" rel=\"noopener\" href=\"https:\/\/intersectpalmsprings.com\" data-lasso-id=\"2898033\">Intersect Palm Springs<\/a>, founded by the team behind Intersect Aspen and previously known as Art Palm Springs, is a unique art and design fair held annually in the Coachella Valley in California. Attracting over 10,000 visitors annually, this fair stands out for its integration of contemporary art with 20th- and 21st-century design\u2014all set against the backdrop of Palm Springs\u2019 renowned mid-century architecture and beautiful desert landscape. But what truly sets it apart is the more intimate experience it offers art lovers and collectors, with fewer works on view at the Palm Springs Convention Center than one might expect, allowing for deeper engagement between attendees and the art. This fair not only showcases a diverse range of contemporary talent but also emphasizes design, blending art with functional and decorative pieces that invite people to take the time to contemplate living with their art.<\/p>\n<h3>The Palm Beach Art Show 2026<\/h3>\n<p>February 12-17<\/p>\n<p><a target=\"_blank\" rel=\"noopener\" href=\"https:\/\/www.palmbeachshow.com\/\" data-lasso-id=\"2898035\">The Palm Beach Show<\/a>, also known as the Palm Beach Jewelry, Art &amp; Antique Show, has become one of the most anticipated luxury fairs\u2014and cultural events\u2014in the United States. Known for its overall sophistication, the show juxtaposes genres, periods and movements in engaging ways but never loses its focus on all things high-end. The show attracts an audience of the Who\u2019s Who, with a roster of visitors that includes wealthy collectors, celebrities and art connoisseurs who fall into both camps, but it\u2019s actually a solid destination for those new to art fairs, too, thanks to its speaker series geared toward entry-level collectors.<\/p>\n<h3>ArteGenova 2026<\/h3>\n<p>February 13-15<\/p>\n<p>Held annually at The Blue Pavilion designed by French architect Jean Nouvel, <a target=\"_blank\" rel=\"noopener\" href=\"https:\/\/www.artegenova.com\/\" data-lasso-id=\"2898037\">ArteGenova<\/a> in the historic port city of Genoa, Italy, has become a fixture of the European art scene since its inaugural fair in 2003. The fair\u2019s picturesque location draws a wide range of visitors, from serious collectors to industry professionals to casual art enthusiasts, and ArteGenova caters to all of them with a diverse array of art forms\u2014not just paintings but also sculpture, graphic arts, mixed media works and more by rising stars and established names like Rosai, Sironi, Burri, Morandi, Boetti, Warhol, Christo, De Pisis, Duchamp, Ligabue, Baj and Hartung. Last year, the fair drew 20,000 visitors to the Jean Nouvel pavilion of the Fiera di Genova, and it\u2019s expected that this year\u2019s 20th edition will attract even more.<\/p>\n<h3>Melbourne Art Fair 2026<\/h3>\n<p>February 19-22<\/p>\n<p>Established in 1988, the <a target=\"_blank\" rel=\"noopener\" href=\"https:\/\/melbourneartfair.com.au\/\" data-lasso-id=\"2898043\">Melbourne Art Fair<\/a> has become one of Australia\u2019s most important platforms for showcasing the diverse range of contemporary artists and galleries from Oz, New Zealand and the broader Pacific area. Its distinctly regional focus makes it a must-attend fair for art lovers looking to understand and engage with the range of exciting art coming from this part of the world by both established artists and rising stars. While sales at the larger Sydney Contemporary in September tend to outpace those at Melbourne Art Fair, Melbourne has long been regarded as Australia\u2019s art capital, and the fair, which takes place in the Melbourne Convention and Exhibition Centre, bills itself as the country\u2019s \u201cmost progressive forum for art.\u201d<\/p>\n<h3>Investec Cape Town Art Fair 2026<\/h3>\n<p>February 20-22<\/p>\n<p>Established in 2013, <a target=\"_blank\" rel=\"noopener\" href=\"https:\/\/www.investeccapetownartfair.co.za\/\" data-lasso-id=\"2898044\">Investec Cape Town Art Fair<\/a> is the largest art fair in Africa, drawing 30,000 visitors to the Cape Town International Convention Centre annually and billing itself as \u201cthe place where the fast-growing African art market and the international art world meet.\u201d With that focus on creating connections, it offers a unique window into the vibrant art scene of the continent while also showcasing global talent. This year\u2019s theme is <i>Listen<\/i>, and the 13th edition of the fair will be built around a \u201cguiding curatorial concept, inviting us to be still for a moment to expand the ways we can connect with art,\u201d director <a href=\"https:\/\/observer.com\/person\/laura-vincenti\/\" title=\"Laura Vincenti\" class=\"company-link\">Laura Vincenti<\/a> said in a statement. \u201cIn 2026, we welcome the radical act of truly, deeply listening. To forge new ways of tuning into the silences, whispers and voices often gone unheard.\u201d More than 125 galleries will bring work by more than 490 artists from 34 cities in the primary exhibition spaces (Main Section, ALT, Editions, Publications and Connect) and three curated sections (Tomorrows\/Today, SOLO and Generations). Additionally, the fair supports special projects and city-wide activations to give fairgoers a comprehensive experience of Cape Town\u2019s art scene.<\/p>\n<h3>ENZO 2026<\/h3>\n<p>February 25-28<\/p>\n<p>Running concurrently with Frieze Los Angeles, <a target=\"_blank\" rel=\"noopener\" href=\"https:\/\/enzolosangeles.com\/\" data-lasso-id=\"2898045\">ENZO<\/a> will take over a 1920s warehouse in Echo Park, just a short drive from The Broad, MOCA and Hauser &amp; Wirth. There, it will bring together 10 emerging galleries from New York\u2019s Chinatown and Lower East Side, in a bid to place East Coast voices in direct conversation with the L.A. art community at a moment when younger galleries are facing increasing financial pressure. The 5,000-square-foot space, which has two main spaces and several communal areas, will host immersive installations, performance art, digital media, artist talks, site-specific projects and other discursive formats. <a href=\"https:\/\/observer.com\/company\/enzo\/\" title=\"ENZO\" class=\"company-link\">ENZO<\/a>, according to fair founder <a href=\"https:\/\/observer.com\/person\/r-parmar\/\" title=\"R. Parmar\" class=\"company-link\">R. Parmar<\/a>, was designed to remove the financial risk of participation and encourage more ambitious, experimental presentations.<\/p>\n<figure id=\"attachment_1526457\" aria-describedby=\"caption-attachment-1526457\" style=\"width: 970px\" class=\"wp-caption aligncenter\"><a href=\"https:\/\/observer.com\/2025\/01\/los-angeles-museums-launch-12-million-emergency-fund-felix-art-fair-goes-ahead\/felix-art-fair-2023\/\" rel=\"attachment wp-att-1526457\" data-lasso-id=\"2679100\"><img loading=\"lazy\" decoding=\"async\" class=\"lazyload size-full-width wp-image-1526457\" src=\"https:\/\/observer.com\/wp-content\/uploads\/sites\/2\/2025\/01\/Felix-Art-Fair-2023-85.jpg?quality=80&amp;w=970\" alt=\"People hanging around an hotel's pool\" width=\"970\" height=\"647\" srcset=\"https:\/\/observer.com\/wp-content\/uploads\/sites\/2\/2025\/01\/Felix-Art-Fair-2023-85.jpg 1800w, https:\/\/observer.com\/wp-content\/uploads\/sites\/2\/2025\/01\/Felix-Art-Fair-2023-85.jpg?resize=300,200 300w, https:\/\/observer.com\/wp-content\/uploads\/sites\/2\/2025\/01\/Felix-Art-Fair-2023-85.jpg?resize=768,512 768w, https:\/\/observer.com\/wp-content\/uploads\/sites\/2\/2025\/01\/Felix-Art-Fair-2023-85.jpg?resize=635,423 635w, https:\/\/observer.com\/wp-content\/uploads\/sites\/2\/2025\/01\/Felix-Art-Fair-2023-85.jpg?resize=1536,1024 1536w, https:\/\/observer.com\/wp-content\/uploads\/sites\/2\/2025\/01\/Felix-Art-Fair-2023-85.jpg?resize=970,647 970w, https:\/\/observer.com\/wp-content\/uploads\/sites\/2\/2025\/01\/Felix-Art-Fair-2023-85.jpg?resize=320,213 320w, https:\/\/observer.com\/wp-content\/uploads\/sites\/2\/2025\/01\/Felix-Art-Fair-2023-85.jpg?resize=50,33 50w\" sizes=\"auto, (max-width: 600px) 300px, 620px\"\/><img loading=\"lazy\" decoding=\"async\" class=\"lazyload size-full-width wp-image-1526457\" src=\"https:\/\/observer.com\/wp-content\/uploads\/sites\/2\/2025\/01\/Felix-Art-Fair-2023-85.jpg?quality=80&amp;w=970\" alt=\"People hanging around an hotel's pool\" width=\"970\" height=\"647\" srcset=\"https:\/\/observer.com\/wp-content\/uploads\/sites\/2\/2025\/01\/Felix-Art-Fair-2023-85.jpg 1800w, https:\/\/observer.com\/wp-content\/uploads\/sites\/2\/2025\/01\/Felix-Art-Fair-2023-85.jpg?resize=300,200 300w, https:\/\/observer.com\/wp-content\/uploads\/sites\/2\/2025\/01\/Felix-Art-Fair-2023-85.jpg?resize=768,512 768w, https:\/\/observer.com\/wp-content\/uploads\/sites\/2\/2025\/01\/Felix-Art-Fair-2023-85.jpg?resize=635,423 635w, https:\/\/observer.com\/wp-content\/uploads\/sites\/2\/2025\/01\/Felix-Art-Fair-2023-85.jpg?resize=1536,1024 1536w, https:\/\/observer.com\/wp-content\/uploads\/sites\/2\/2025\/01\/Felix-Art-Fair-2023-85.jpg?resize=970,647 970w, https:\/\/observer.com\/wp-content\/uploads\/sites\/2\/2025\/01\/Felix-Art-Fair-2023-85.jpg?resize=320,213 320w, https:\/\/observer.com\/wp-content\/uploads\/sites\/2\/2025\/01\/Felix-Art-Fair-2023-85.jpg?resize=50,33 50w\" sizes=\"auto, (max-width: 600px) 300px, 620px\"\/><\/a><figcaption id=\"caption-attachment-1526457\" class=\"wp-caption-text\">Felix Art Fair in 2023. <span class=\"media-credit\">CASEY KELBAUGH<\/span><\/figcaption><\/figure>\n<h3>Felix Art Fair 2026<\/h3>\n<p>February 25 \u2013 March 1<\/p>\n<p><a target=\"_blank\" rel=\"noopener\" href=\"https:\/\/felixfair.com\/\" data-lasso-id=\"2898039\">Felix Art Fair<\/a>, launched in 2018 by art collector Dean Valentine with art dealers Al Mor\u00e1n and Mills Mor\u00e1n, is yet another must-see Los Angeles art fair. Held in the iconic Hollywood Roosevelt Hotel, the fair has its participating galleries set up in the poolside cabanas and guest rooms\u2014even those that open onto the pool deck\u2014which fosters a casual and relaxed viewing experience. \u201cFelix\u2019s set-up <a href=\"https:\/\/observer.com\/2024\/02\/insiders-guide-to-the-los-angeles-art-scene\/\" data-lasso-id=\"2898041\">always introduces me to new and exciting artists<\/a>, which is why it\u2019s an event I attend every year,\u201d art advisor <a href=\"https:\/\/observer.com\/person\/cynthia-greenwald\/\" title=\"Cynthia Greenwald\" class=\"company-link\">Cynthia Greenwald<\/a> wrote in Observer in 2024. Typically, Felix accommodates around sixty local, national and international galleries that bring a diverse range of works by contemporary artists.<\/p>\n<h3>Collect Art Fair 2026<\/h3>\n<p>February 25 \u2013 March 1<\/p>\n<p><a target=\"_blank\" rel=\"noopener\" href=\"https:\/\/www.craftscouncil.org.uk\/collect-fair\" data-lasso-id=\"2898046\">Collect<\/a> returns for its 22nd edition with its usual curated selection of tactile works\u2014think ceramics, lacquer, textiles and jewelry that demand to be touched (but, of course, shouldn\u2019t be). Collect Open\u2014the fair\u2019s platform of works hand-picked by an expert advisor committee\u2014invites individual artists and collectives to push materiality to its conceptual limits and \u201cchallenge material, social, political or personal perceptions.\u201d And per usual, the fair\u2019s talks program keeps the conversation buzzing, whether through marquee panels or informal booth-side chats with gallerists and artists. This year, visitors can pre-book a Collect Private Tour package for expert guidance, insightful commentary on contemporary craft, market trends and collecting practices.<\/p>\n<h3>Post-Fair 2026<\/h3>\n<p>February 26-28<\/p>\n<p><a target=\"_blank\" rel=\"noopener\" href=\"https:\/\/post-fair.com\/\" data-lasso-id=\"2898047\">Post-Fair<\/a> (the art fair <a href=\"https:\/\/observer.com\/2025\/02\/art-fairs-santa-monica-post-office-has-become-post-fair\/\" data-lasso-id=\"2898048\">formerly known as Santa Monica Post Office<\/a>) has changed a lot in a short span of time. Now in its second edition, dealer <a href=\"https:\/\/observer.com\/person\/chris-sharp\/\" title=\"Chris Sharp\" class=\"company-link\">Chris Sharp<\/a>\u2019s boutique aims to \u201csimplify the art fair experience by focusing on solo presentations\u201d arranged in a \u201crelatively low impact, open plan format.\u201d Tickets are just $10 at the door, making this one of the most accessible fairs around. This year, approximately 31 local, national and international galleries and project spaces will mount booths in the 1930s-era Art Deco post office at 1248 5th Street in Santa Monica that originally gave the fair its name.<\/p>\n<h3>The Other Art Fair Los Angeles 2026<\/h3>\n<p>February 26 \u2013 March 1<\/p>\n<p>The <a target=\"_blank\" rel=\"noopener\" href=\"http:\/\/www.theotherartfair.com\/la\/\" data-lasso-id=\"2898049\">Other Art Fair<\/a>, a pioneering event designed to make discovering emerging artists easier, was founded in 2011 by <a href=\"https:\/\/observer.com\/person\/ryan-stanier\/\" title=\"Ryan Stanier\" class=\"company-link\">Ryan Stanier<\/a> in London. He wanted to empower direct connections between artists and collectors, <a href=\"https:\/\/observer.com\/2023\/12\/how-to-start-collecting-art\/\" data-lasso-id=\"2898050\">democratizing the art-buying experience<\/a> by making it more accessible and more personal. This year\u2019s edition, which coincides with Frieze, sees the fair at a new venue\u2014Venue 3Labs in Culver City, where 140 independent exhibiting artists will show their work, from paintings to large-scale sculptures, murals and participatory installations. For four days, 150 independent artists with immersive installations and performances, set to music spun by DJs and enhanced with a fully stocked bar. Superfans should check out the premium Art Lovers Guided Collecting Experience for Two package, which includes admission for two, four drink tokens, curator recommendations, a <a href=\"https:\/\/observer.com\/2025\/10\/the-decline-of-the-art-fair-tote-bag\/\" data-lasso-id=\"2898051\">tote bag<\/a> and a $200 art purchase credit.<\/p>\n<h3>Frieze Los Angeles 2026<\/h3>\n<p>February 26 \u2013 March 1<\/p>\n<p><a target=\"_blank\" rel=\"noopener\" href=\"https:\/\/www.frieze.com\/fairs\/frieze-los-angeles\" data-lasso-id=\"2898053\">Frieze Los Angeles<\/a>, which held its inaugural fair in 2019, quickly became a key event in the international fair calendar\u2014one of the many benefits of <a href=\"https:\/\/observer.com\/2023\/07\/frieze-acquires-art-fairs-expo-chicago-the-armory-show\/\" data-lasso-id=\"2898055\">being part of an art world behemoth<\/a>. This year\u2019s fair at Santa Monica Airport, still under the direction of <a href=\"https:\/\/observer.com\/person\/christine-messineo\/\" title=\"Christine Messineo\" class=\"company-link\">Christine Messineo<\/a> and now in its fourth year at the site, will again be staged in a custom-designed, immersive indoor-outdoor structure. \u201cIn the wake of this past year\u2019s challenges, the art community here continues to demonstrate extraordinary resilience and imagination,\u201d Messineo said in a statement. \u201cConsistency can be radical in a city that thrives on change.\u201d The fair will bring together more than 95 galleries with spaces in 22 countries, including the usual suspects: Gagosian, Gladstone, Hauser &amp; Wirth, Lisson Gallery, Pace Gallery, Perrotin, Almine Rech, Thaddaeus Ropac, White Cube, David Zwirner, etc. Local players mounting booths this year include Matthew Brown, Ch\u00e2teau Shatto, Commonwealth and Council, Anat Ebgi, David Kordansky Gallery, The Pit and Roberts Projects. Essence Harden (newly appointed as curator of EXPO Chicago) returns this year to oversee the fair\u2019s <i>Focus<\/i> section, which features bold solo artist presentations brought by U.S.-based galleries 12 years old or younger.<\/p>\n<figure id=\"attachment_1528105\" aria-describedby=\"caption-attachment-1528105\" style=\"width: 970px\" class=\"wp-caption aligncenter\"><a href=\"https:\/\/observer.com\/2025\/01\/february-art-fairs-calendar\/collect2024_11_divya-sharma-collect-open\/\" rel=\"attachment wp-att-1528105\" data-lasso-id=\"2680171\"><img loading=\"lazy\" decoding=\"async\" class=\"lazyload size-full-width wp-image-1528105\" src=\"https:\/\/observer.com\/wp-content\/uploads\/sites\/2\/2025\/01\/Collect2024_11_Divya-Sharma-Collect-Open.jpg?quality=80&amp;w=970\" alt=\"A woman in a black blazer and patterned dress stands in front of a large, colorful textile artwork made of woven and tufted fabric, featuring abstract designs in shades of purple, gold, turquoise, orange, and black, with elements resembling windows, a piano keyboard, and a small sculpted face embedded in the fabric, likely part of the Collect Art Fair's contemporary craft exhibition.\" width=\"970\" height=\"647\" srcset=\"https:\/\/observer.com\/wp-content\/uploads\/sites\/2\/2025\/01\/Collect2024_11_Divya-Sharma-Collect-Open.jpg 4000w, https:\/\/observer.com\/wp-content\/uploads\/sites\/2\/2025\/01\/Collect2024_11_Divya-Sharma-Collect-Open.jpg?resize=300,200 300w, https:\/\/observer.com\/wp-content\/uploads\/sites\/2\/2025\/01\/Collect2024_11_Divya-Sharma-Collect-Open.jpg?resize=768,512 768w, https:\/\/observer.com\/wp-content\/uploads\/sites\/2\/2025\/01\/Collect2024_11_Divya-Sharma-Collect-Open.jpg?resize=635,424 635w, https:\/\/observer.com\/wp-content\/uploads\/sites\/2\/2025\/01\/Collect2024_11_Divya-Sharma-Collect-Open.jpg?resize=1536,1025 1536w, https:\/\/observer.com\/wp-content\/uploads\/sites\/2\/2025\/01\/Collect2024_11_Divya-Sharma-Collect-Open.jpg?resize=2048,1366 2048w, https:\/\/observer.com\/wp-content\/uploads\/sites\/2\/2025\/01\/Collect2024_11_Divya-Sharma-Collect-Open.jpg?resize=970,647 970w, https:\/\/observer.com\/wp-content\/uploads\/sites\/2\/2025\/01\/Collect2024_11_Divya-Sharma-Collect-Open.jpg?resize=320,213 320w, https:\/\/observer.com\/wp-content\/uploads\/sites\/2\/2025\/01\/Collect2024_11_Divya-Sharma-Collect-Open.jpg?resize=1920,1281 1920w, https:\/\/observer.com\/wp-content\/uploads\/sites\/2\/2025\/01\/Collect2024_11_Divya-Sharma-Collect-Open.jpg?resize=50,33 50w\" sizes=\"auto, (max-width: 600px) 300px, 620px\"\/><img loading=\"lazy\" decoding=\"async\" class=\"lazyload size-full-width wp-image-1528105\" src=\"https:\/\/observer.com\/wp-content\/uploads\/sites\/2\/2025\/01\/Collect2024_11_Divya-Sharma-Collect-Open.jpg?quality=80&amp;w=970\" alt=\"A woman in a black blazer and patterned dress stands in front of a large, colorful textile artwork made of woven and tufted fabric, featuring abstract designs in shades of purple, gold, turquoise, orange, and black, with elements resembling windows, a piano keyboard, and a small sculpted face embedded in the fabric, likely part of the Collect Art Fair's contemporary craft exhibition.\" width=\"970\" height=\"647\" srcset=\"https:\/\/observer.com\/wp-content\/uploads\/sites\/2\/2025\/01\/Collect2024_11_Divya-Sharma-Collect-Open.jpg 4000w, https:\/\/observer.com\/wp-content\/uploads\/sites\/2\/2025\/01\/Collect2024_11_Divya-Sharma-Collect-Open.jpg?resize=300,200 300w, https:\/\/observer.com\/wp-content\/uploads\/sites\/2\/2025\/01\/Collect2024_11_Divya-Sharma-Collect-Open.jpg?resize=768,512 768w, https:\/\/observer.com\/wp-content\/uploads\/sites\/2\/2025\/01\/Collect2024_11_Divya-Sharma-Collect-Open.jpg?resize=635,424 635w, https:\/\/observer.com\/wp-content\/uploads\/sites\/2\/2025\/01\/Collect2024_11_Divya-Sharma-Collect-Open.jpg?resize=1536,1025 1536w, https:\/\/observer.com\/wp-content\/uploads\/sites\/2\/2025\/01\/Collect2024_11_Divya-Sharma-Collect-Open.jpg?resize=2048,1366 2048w, https:\/\/observer.com\/wp-content\/uploads\/sites\/2\/2025\/01\/Collect2024_11_Divya-Sharma-Collect-Open.jpg?resize=970,647 970w, https:\/\/observer.com\/wp-content\/uploads\/sites\/2\/2025\/01\/Collect2024_11_Divya-Sharma-Collect-Open.jpg?resize=320,213 320w, https:\/\/observer.com\/wp-content\/uploads\/sites\/2\/2025\/01\/Collect2024_11_Divya-Sharma-Collect-Open.jpg?resize=1920,1281 1920w, https:\/\/observer.com\/wp-content\/uploads\/sites\/2\/2025\/01\/Collect2024_11_Divya-Sharma-Collect-Open.jpg?resize=50,33 50w\" sizes=\"auto, (max-width: 600px) 300px, 620px\"\/><\/a><figcaption id=\"caption-attachment-1528105\" class=\"wp-caption-text\">Artist Divya Sharma with her work on display at Collect in 2024. <span class=\"media-credit\">PA<\/span><\/figcaption><\/figure>\n<h2><b>Even more February art fairs in 2026<\/b><\/h2>\n<p>As always, what\u2019s above doesn\u2019t represent the totality of the February art fair calendar in 2026\u2014there are always plenty of smaller, lesser-known and niche art fairs happening (or opening for the first time) around the world. Here\u2019s a quick roundup of several more midwinter art fairs you might want to check out this month.<\/p>\n<h4><a target=\"_blank\" rel=\"noopener\" href=\"https:\/\/www.uniquedesignxgroup.com\/\" data-lasso-id=\"2898058\"><b>Unique Design X<\/b><\/a><b> 2026 (Mexico City)\u00a0<\/b><\/h4>\n<p>February 5-8<\/p>\n<h4><a target=\"_blank\" rel=\"noopener\" href=\"https:\/\/www.art-karlsruhe.de\/\" data-lasso-id=\"2898059\"><b>art KARLSRUHE<\/b><\/a><b> 2026<\/b><\/h4>\n<p>February 5-8<\/p>\n<h4><a target=\"_blank\" rel=\"noopener\" href=\"https:\/\/www.artefiera.it\/arte-fiera\/arte-fiera-47\/9364.html\" data-lasso-id=\"2898061\"><b>Arte Fiera Bologna<\/b><\/a><b> 2026<\/b><\/h4>\n<p>February 6-8<\/p>\n<p><a target=\"_blank\" rel=\"noopener\" href=\"https:\/\/artfairphilippines.com\/afp2024\/\" data-lasso-id=\"2898063\"><b>Art Fair Philippines<\/b><\/a><b> 2026<\/b><\/p>\n<p>February 6-8<\/p>\n<h4><a href=\"https:\/\/observer.com\/2024\/02\/interview-giorgio-pace-founder-nomad-art-fair\/\" data-lasso-id=\"2898065\"><b>NOMAD St. Moritz<\/b><\/a> <b>2026<\/b><\/h4>\n<p>February 12-15<\/p>\n<h4><a target=\"_blank\" rel=\"noopener\" href=\"https:\/\/artonpaperamsterdam.nl\/en\/\" data-lasso-id=\"2898068\"><b>Art On Paper<\/b><\/a><b> 2026 (Amsterdam)<\/b><\/h4>\n<p>February 12-15<\/p>\n<h4><a target=\"_blank\" rel=\"noopener\" href=\"https:\/\/artcapital.fr\/\" data-lasso-id=\"2898071\"><b>ART CAPITAL<\/b><\/a> <b>2026<\/b><b>\u00a0<\/b><\/h4>\n<p>February 13-15<\/p>\n<p><a target=\"_blank\" rel=\"noopener\" href=\"https:\/\/www.gstaad-art.ch\/\" data-lasso-id=\"2898073\"><b>MAZE Art Gstaad<\/b><\/a><b> 2026<\/b><\/p>\n<p>February 19-22<\/p>\n<h4><a target=\"_blank\" rel=\"noopener\" href=\"https:\/\/www.art3f.fr\/en\/strasbourg\/\" data-lasso-id=\"2898075\"><b>art3f<\/b><\/a><b> Toulouse 2026<\/b><\/h4>\n<p>February 27-29<\/p>\n<h4><a target=\"_blank\" rel=\"noopener\" href=\"https:\/\/www.startup-art.com\/\" data-lasso-id=\"2898077\"><b>Startup Art Fair<\/b><\/a><b> 2026 (Los Angeles)<\/b><\/h4>\n<p>February 27 \u2013 March 1<\/p>\n<h4><a target=\"_blank\" rel=\"noopener\" href=\"https:\/\/www.parallaxaf.com\/index.php\" data-lasso-id=\"2898079\"><b>Parallax Art Fair<\/b><\/a><b> 2026<\/b><\/h4>\n<p>February 28 \u2013 March 1<\/p>\n<p>\t\t\t\t<img decoding=\"async\" itemprop=\"image\" src=\"https:\/\/observer.com\/wp-content\/uploads\/sites\/2\/2025\/01\/VIDA-ZONAMACO-2.jpeg?quality=80&amp;w=970\" alt=\"Observer\u2019s February 2026 Art Fair Calendar\" style=\"display:none;width:0;\"\/><\/p><\/div>\n<p><script>\n\t!function(f,b,e,v,n,t,s)\n\t{if(f.fbq)return;n=f.fbq=function(){n.callMethod?\n\t\tn.callMethod.apply(n,arguments):n.queue.push(arguments)};\n\t\tif(!f._fbq)f._fbq=n;n.push=n;n.loaded=!0;n.version='2.0';\n\t\tn.queue=[];t=b.createElement(e);t.async=!0;\n\t\tt.src=v;s=b.getElementsByTagName(e)[0];\n\t\ts.parentNode.insertBefore(t,s)}(window, document,'script',\n\t\t'https:\/\/connect.facebook.net\/en_US\/fbevents.js');\n\tfbq('init', '618909876214345');\n\tfbq('track', 'PageView');\n<\/script><\/p>\n","protected":false},"excerpt":{"rendered":"<p>Visitors at Feria Material in 2024 looking at Yvette Mayorga\u2019s work. Photo by Ana Karen Morales. Courtesy of Material This year\u2019s February art fair calendar offers an embarrassment of riches, with ZONAMACO leading the pack early in the month and Frieze and its orbit of satellite fairs closing it out. Beyond those hotspots, there are [&hellip;]<\/p>\n","protected":false},"author":1,"featured_media":20612,"comment_status":"open","ping_status":"open","sticky":false,"template":"","format":"standard","meta":{"tdm_status":"","tdm_grid_status":"","footnotes":""},"categories":[10],"tags":[],"class_list":{"0":"post-20611","1":"post","2":"type-post","3":"status-publish","4":"format-standard","5":"has-post-thumbnail","7":"category-usa-news"},"_links":{"self":[{"href":"https:\/\/nationalgunowner.org\/index.php\/wp-json\/wp\/v2\/posts\/20611","targetHints":{"allow":["GET"]}}],"collection":[{"href":"https:\/\/nationalgunowner.org\/index.php\/wp-json\/wp\/v2\/posts"}],"about":[{"href":"https:\/\/nationalgunowner.org\/index.php\/wp-json\/wp\/v2\/types\/post"}],"author":[{"embeddable":true,"href":"https:\/\/nationalgunowner.org\/index.php\/wp-json\/wp\/v2\/users\/1"}],"replies":[{"embeddable":true,"href":"https:\/\/nationalgunowner.org\/index.php\/wp-json\/wp\/v2\/comments?post=20611"}],"version-history":[{"count":1,"href":"https:\/\/nationalgunowner.org\/index.php\/wp-json\/wp\/v2\/posts\/20611\/revisions"}],"predecessor-version":[{"id":20613,"href":"https:\/\/nationalgunowner.org\/index.php\/wp-json\/wp\/v2\/posts\/20611\/revisions\/20613"}],"wp:featuredmedia":[{"embeddable":true,"href":"https:\/\/nationalgunowner.org\/index.php\/wp-json\/wp\/v2\/media\/20612"}],"wp:attachment":[{"href":"https:\/\/nationalgunowner.org\/index.php\/wp-json\/wp\/v2\/media?parent=20611"}],"wp:term":[{"taxonomy":"category","embeddable":true,"href":"https:\/\/nationalgunowner.org\/index.php\/wp-json\/wp\/v2\/categories?post=20611"},{"taxonomy":"post_tag","embeddable":true,"href":"https:\/\/nationalgunowner.org\/index.php\/wp-json\/wp\/v2\/tags?post=20611"}],"curies":[{"name":"wp","href":"https:\/\/api.w.org\/{rel}","templated":true}]}}